{"id":7457,"date":"2023-12-05T11:36:50","date_gmt":"2023-12-05T17:36:50","guid":{"rendered":"https:\/\/cronicadesoledad.com\/?p=7457"},"modified":"2023-12-05T11:36:51","modified_gmt":"2023-12-05T17:36:51","slug":"fallecio-el-senador-juan-pablo-adame","status":"publish","type":"post","link":"https:\/\/cronicadesoledad.com\/index.php\/2023\/12\/05\/fallecio-el-senador-juan-pablo-adame\/","title":{"rendered":"Falleci\u00f3 el senador Juan Pablo Adame\u00a0"},"content":{"rendered":"\n<h2 class=\"wp-block-heading\">El senador suplente falleci\u00f3 a los 38 a\u00f1os por un agresivo c\u00e1ncer.&nbsp;<\/h2>\n\n\n\n<p>La semana pasada el senador ingres\u00f3 a cuidados paliativos en su casa,&nbsp; su colega Josefina V\u00e1zquez Mota ley\u00f3 en el Senado una carta p\u00fablica donde explicaba su situaci\u00f3n actual.&nbsp;<\/p>\n\n\n\n<p>&#8220;Gracias a estos momentos hoy valoro lo simple y lo cotidiano como algo extraordinario y te invito a hacer lo mismo, a que no des por sentadas las cosas que haces cada d\u00eda, te invito a que encuentres en cada acci\u00f3n lo maravilloso que es la vida y el regalo de disfrutar todos los peque\u00f1os detalles.\u201d Menciona en su carta Adame.&nbsp;<\/p>\n\n\n\n<p>El senador finalmente falleci\u00f3 d\u00eda de hoy, mediante un mensaje de la red social X (Twitter), su padre Marco Adame dio el anuncio de la lamentable noticia.&nbsp;<\/p>\n\n\n\n<figure class=\"wp-block-embed is-type-rich is-provider-twitter wp-block-embed-twitter\"><div class=\"wp-block-embed__wrapper\">\n<blockquote class=\"twitter-tweet\" data-width=\"550\" data-dnt=\"true\"><p lang=\"es\" dir=\"ltr\">Con profundo dolor y esperanza en la vida eterna, unido a su familia, a mi esposa y  a mis hijos les comparto que mi hijo <a href=\"https:\/\/twitter.com\/JuanPabloAdame?ref_src=twsrc%5Etfw\">@JuanPabloAdame<\/a> descansa en paz. Damos  gracias a Dios por su vida <a href=\"https:\/\/twitter.com\/hashtag\/UnaVidaBienVivida?src=hash&amp;ref_src=twsrc%5Etfw\">#UnaVidaBienVivida<\/a>  Nos encomendamos a sus oraciones.<\/p>&mdash; Marco Adame \ud83c\uddf2\ud83c\uddfd (@MarcoAdame) <a href=\"https:\/\/twitter.com\/MarcoAdame\/status\/1731941206865645645?ref_src=twsrc%5Etfw\">December 5, 2023<\/a><\/blockquote><script async src=\"https:\/\/platform.twitter.com\/widgets.js\" charset=\"utf-8\"><\/script>\n<\/div><\/figure>\n","protected":false},"excerpt":{"rendered":"<p>El senador suplente falleci\u00f3 a los 38 a\u00f1os por un agresivo c\u00e1ncer.&nbsp; La semana pasada el senador ingres\u00f3 a cuidados paliativos en su casa,&nbsp; su colega Josefina V\u00e1zquez Mota ley\u00f3 en el Senado una carta p\u00fablica donde explicaba su situaci\u00f3n actual.&nbsp; &#8220;Gracias a estos momentos hoy valoro lo simple y lo cotidiano como algo extraordinario [&hellip;]<\/p>\n","protected":false},"author":6,"featured_media":7458,"comment_status":"open","ping_status":"open","sticky":false,"template":"","format":"standard","meta":{"footnotes":""},"categories":[1,24,21],"tags":[988,287,989,922],"class_list":{"0":"post-7457","1":"post","2":"type-post","3":"status-publish","4":"format-standard","5":"has-post-thumbnail","7":"category-destacadas","8":"category-informacion-general","9":"category-tu-soledad","10":"tag-juan-pablo-adame","11":"tag-nacional","12":"tag-pan","13":"tag-senado"},"_links":{"self":[{"href":"https:\/\/cronicadesoledad.com\/index.php\/wp-json\/wp\/v2\/posts\/7457","targetHints":{"allow":["GET"]}}],"collection":[{"href":"https:\/\/cronicadesoledad.com\/index.php\/wp-json\/wp\/v2\/posts"}],"about":[{"href":"https:\/\/cronicadesoledad.com\/index.php\/wp-json\/wp\/v2\/types\/post"}],"author":[{"embeddable":true,"href":"https:\/\/cronicadesoledad.com\/index.php\/wp-json\/wp\/v2\/users\/6"}],"replies":[{"embeddable":true,"href":"https:\/\/cronicadesoledad.com\/index.php\/wp-json\/wp\/v2\/comments?post=7457"}],"version-history":[{"count":1,"href":"https:\/\/cronicadesoledad.com\/index.php\/wp-json\/wp\/v2\/posts\/7457\/revisions"}],"predecessor-version":[{"id":7459,"href":"https:\/\/cronicadesoledad.com\/index.php\/wp-json\/wp\/v2\/posts\/7457\/revisions\/7459"}],"wp:featuredmedia":[{"embeddable":true,"href":"https:\/\/cronicadesoledad.com\/index.php\/wp-json\/wp\/v2\/media\/7458"}],"wp:attachment":[{"href":"https:\/\/cronicadesoledad.com\/index.php\/wp-json\/wp\/v2\/media?parent=7457"}],"wp:term":[{"taxonomy":"category","embeddable":true,"href":"https:\/\/cronicadesoledad.com\/index.php\/wp-json\/wp\/v2\/categories?post=7457"},{"taxonomy":"post_tag","embeddable":true,"href":"https:\/\/cronicadesoledad.com\/index.php\/wp-json\/wp\/v2\/tags?post=7457"}],"curies":[{"name":"wp","href":"https:\/\/api.w.org\/{rel}","templated":true}]}}