{"id":7466,"date":"2023-12-05T19:30:00","date_gmt":"2023-12-06T01:30:00","guid":{"rendered":"https:\/\/cronicadesoledad.com\/?p=7466"},"modified":"2023-12-05T19:06:19","modified_gmt":"2023-12-06T01:06:19","slug":"proteccion-civil-atiende-reporte-de-socavon-en-avenida-san-pedro","status":"publish","type":"post","link":"https:\/\/cronicadesoledad.com\/index.php\/2023\/12\/05\/proteccion-civil-atiende-reporte-de-socavon-en-avenida-san-pedro\/","title":{"rendered":"Protecci\u00f3n Civil atiende reporte de socav\u00f3n en avenida San Pedro"},"content":{"rendered":"\n<p>Desde temprana hora de este martes, personal de Desarrollo Urbano y Protecci\u00f3n Civil Municipal de Soledad de Graciano S\u00e1nchez, atendi\u00f3 de inmediato el reporte sobre la aparici\u00f3n de un socav\u00f3n en la avenida San Pedro y calle San Agust\u00edn, en la colonia Valle de San Isidro, provocado aparentemente por una fuga en el sistema de drenaje ocasionando deslave interno y prolongado, situaci\u00f3n que ha sido informada al organismo operador de agua INTERAPAS.\u00a0\u00a0<\/p>\n\n\n\n<p>Al tener conocimiento del hecho, se actu\u00f3 en el acordonamiento de la zona con la finalidad de evitar incidentes y prevenir riesgos para automovilistas y peatones, trat\u00e1ndose de una tramo afectado de 2.5 metros de ancho por 5 metros de largo, aproximadamente.<\/p>\n\n\n\n<p>Tras las primeras labores de supervisi\u00f3n t\u00e9cnica, se confirm\u00f3 que el hecho fue provocado por un presunto rompimiento de tuber\u00eda de drenaje, ocasionando un deslave prolongado de material subterr\u00e1neo que daba soporte, por lo cual se est\u00e1 en espera de las valoraciones del organismo intermunicipal, toda vez que se requiere de una intervenci\u00f3n previa y especializada.<\/p>\n\n\n\n<p>A la ciudadan\u00eda en general, se informa que por recomendaciones de Protecci\u00f3n Civil Municipal, Tr\u00e1nsito y Polic\u00eda Vial iniciar\u00e1n el cierre en ambos sentidos del tramo afectado como medida preventiva y para salvaguardar la integridad social.<\/p>\n","protected":false},"excerpt":{"rendered":"<p>Desde temprana hora de este martes, personal de Desarrollo Urbano y Protecci\u00f3n Civil Municipal de Soledad de Graciano S\u00e1nchez, atendi\u00f3 de inmediato el reporte sobre la aparici\u00f3n de un socav\u00f3n en la avenida San Pedro y calle San Agust\u00edn, en la colonia Valle de San Isidro, provocado aparentemente por una fuga en el sistema de [&hellip;]<\/p>\n","protected":false},"author":2,"featured_media":7467,"comment_status":"open","ping_status":"open","sticky":false,"template":"","format":"standard","meta":{"footnotes":""},"categories":[30,1,24,19,21],"tags":[223,525,294,276,261,995,27],"class_list":{"0":"post-7466","1":"post","2":"type-post","3":"status-publish","4":"format-standard","5":"has-post-thumbnail","7":"category-de-la-region-centro","8":"category-destacadas","9":"category-informacion-general","10":"category-seguridad","11":"category-tu-soledad","12":"tag-ayuntamiento-soledense","13":"tag-proteccion-civil","14":"tag-san-luis","15":"tag-seguridad","16":"tag-slp","17":"tag-socavon","18":"tag-soledad"},"_links":{"self":[{"href":"https:\/\/cronicadesoledad.com\/index.php\/wp-json\/wp\/v2\/posts\/7466","targetHints":{"allow":["GET"]}}],"collection":[{"href":"https:\/\/cronicadesoledad.com\/index.php\/wp-json\/wp\/v2\/posts"}],"about":[{"href":"https:\/\/cronicadesoledad.com\/index.php\/wp-json\/wp\/v2\/types\/post"}],"author":[{"embeddable":true,"href":"https:\/\/cronicadesoledad.com\/index.php\/wp-json\/wp\/v2\/users\/2"}],"replies":[{"embeddable":true,"href":"https:\/\/cronicadesoledad.com\/index.php\/wp-json\/wp\/v2\/comments?post=7466"}],"version-history":[{"count":1,"href":"https:\/\/cronicadesoledad.com\/index.php\/wp-json\/wp\/v2\/posts\/7466\/revisions"}],"predecessor-version":[{"id":7468,"href":"https:\/\/cronicadesoledad.com\/index.php\/wp-json\/wp\/v2\/posts\/7466\/revisions\/7468"}],"wp:featuredmedia":[{"embeddable":true,"href":"https:\/\/cronicadesoledad.com\/index.php\/wp-json\/wp\/v2\/media\/7467"}],"wp:attachment":[{"href":"https:\/\/cronicadesoledad.com\/index.php\/wp-json\/wp\/v2\/media?parent=7466"}],"wp:term":[{"taxonomy":"category","embeddable":true,"href":"https:\/\/cronicadesoledad.com\/index.php\/wp-json\/wp\/v2\/categories?post=7466"},{"taxonomy":"post_tag","embeddable":true,"href":"https:\/\/cronicadesoledad.com\/index.php\/wp-json\/wp\/v2\/tags?post=7466"}],"curies":[{"name":"wp","href":"https:\/\/api.w.org\/{rel}","templated":true}]}}