{"id":7475,"date":"2023-12-05T20:15:00","date_gmt":"2023-12-06T02:15:00","guid":{"rendered":"https:\/\/cronicadesoledad.com\/?p=7475"},"modified":"2023-12-05T19:11:17","modified_gmt":"2023-12-06T01:11:17","slug":"invitan-a-celebracion-por-50-aniversario-de-secundaria-graciano-sanchez","status":"publish","type":"post","link":"https:\/\/cronicadesoledad.com\/index.php\/2023\/12\/05\/invitan-a-celebracion-por-50-aniversario-de-secundaria-graciano-sanchez\/","title":{"rendered":"Invitan a celebraci\u00f3n por 50 aniversario de secundaria \u201cGraciano S\u00e1nchez\u201d"},"content":{"rendered":"\n<p>Con motivo de la celebraci\u00f3n del 50 aniversario de la Escuela Secundaria \u201cGraciano S\u00e1nchez Romo\u201d, instituci\u00f3n educativa que impulsa la identidad local, en aras de fomentar valores c\u00edvicos en la juventud, el Ayuntamiento de Soledad de Graciano S\u00e1nchez, en colaboraci\u00f3n con esta instituci\u00f3n, llevar\u00e1n a cabo una serie de actividades y eventos que prometen ser emocionantes y llenos de talento.<\/p>\n\n\n\n<p>El titular de Educaci\u00f3n y Acci\u00f3n C\u00edvica, Jos\u00e9 Juan Castro Castillo, las festividades dar\u00e1n inicio este mi\u00e9rcoles 6 de diciembre a las 6 de la tarde en las instalaciones del plantel, con una demostraci\u00f3n de Taekwondo, en donde se contar\u00e1 con la presencia de destacados competidores nacionales, quienes han participado en eventos de talla internacional y han sido acreedores de t\u00edtulos importantes representando a M\u00e9xico.&nbsp;<\/p>\n\n\n\n<p>La inauguraci\u00f3n oficial de esta celebraci\u00f3n tendr\u00e1 lugar en las instalaciones del plantel el 11 de diciembre a las 10 de la ma\u00f1ana, con un espect\u00e1culo art\u00edstico musical protagonizado por exalumnos destacados de la instituci\u00f3n. Posteriormente, a las 6 de la tarde, se llevar\u00e1 a cabo el \u201cFestival de la Canci\u00f3n\u201d, en el que participar\u00e1n los nuevos talentos de este centro educativo.<\/p>\n\n\n\n<p>Continuando con las actividades, partiendo de la cancha deportiva del plantel, el 13 de diciembre se llevar\u00e1 a cabo una emocionante Carrera Atl\u00e9tica en la que participar\u00e1n alumnos, docentes y personal de la escuela, y p\u00fablico en general, esta actividad promete ser una oportunidad para fomentar el deporte y la buena salud entre la comunidad escolar.<\/p>\n\n\n\n<p>El 14 de diciembre, a las 11 de la ma\u00f1ana, las instalaciones del Teatro y Centro Cultural &#8220;Doroteo Arango&#8221; ser\u00e1n testigos de la presentaci\u00f3n de la prestigiosa Orquesta Sinf\u00f3nica del Estado, bajo la direcci\u00f3n del Maestro Jos\u00e9 Miramontes Zapata, en un concierto que brindar\u00e1 una experiencia inolvidable para los amantes de la m\u00fasica.<\/p>\n\n\n\n<p>Las festividades culminar\u00e1n el 15 de diciembre con una gran noche de cena baile en la que todos las y los asistentes podr\u00e1n celebrar y disfrutar de una velada llena de alegr\u00eda y compa\u00f1erismo.<\/p>\n\n\n\n<p>Castro Castillo resalt\u00f3 el renombre de esta instituci\u00f3n educativa por su destacado rendimiento acad\u00e9mico y su participaci\u00f3n exitosa en diversos concursos. Asimismo, invit\u00f3 a todo el p\u00fablico en general a unirse a estas emocionantes actividades y reiter\u00f3 el compromiso del Ayuntamiento de continuar apoyando la educaci\u00f3n en beneficio de todas las ni\u00f1as, ni\u00f1os y j\u00f3venes del municipio.<\/p>\n","protected":false},"excerpt":{"rendered":"<p>Con motivo de la celebraci\u00f3n del 50 aniversario de la Escuela Secundaria \u201cGraciano S\u00e1nchez Romo\u201d, instituci\u00f3n educativa que impulsa la identidad local, en aras de fomentar valores c\u00edvicos en la juventud, el Ayuntamiento de Soledad de Graciano S\u00e1nchez, en colaboraci\u00f3n con esta instituci\u00f3n, llevar\u00e1n a cabo una serie de actividades y eventos que prometen ser [&hellip;]<\/p>\n","protected":false},"author":2,"featured_media":7476,"comment_status":"open","ping_status":"open","sticky":false,"template":"","format":"standard","meta":{"footnotes":""},"categories":[30,1,24,21],"tags":[281,223,997,320,294,996,998,261,27],"class_list":{"0":"post-7475","1":"post","2":"type-post","3":"status-publish","4":"format-standard","5":"has-post-thumbnail","7":"category-de-la-region-centro","8":"category-destacadas","9":"category-informacion-general","10":"category-tu-soledad","11":"tag-aniversario","12":"tag-ayuntamiento-soledense","13":"tag-celebracion","14":"tag-educacion","15":"tag-san-luis","16":"tag-secundaria","17":"tag-secundaria-graciano-sanchez","18":"tag-slp","19":"tag-soledad"},"_links":{"self":[{"href":"https:\/\/cronicadesoledad.com\/index.php\/wp-json\/wp\/v2\/posts\/7475","targetHints":{"allow":["GET"]}}],"collection":[{"href":"https:\/\/cronicadesoledad.com\/index.php\/wp-json\/wp\/v2\/posts"}],"about":[{"href":"https:\/\/cronicadesoledad.com\/index.php\/wp-json\/wp\/v2\/types\/post"}],"author":[{"embeddable":true,"href":"https:\/\/cronicadesoledad.com\/index.php\/wp-json\/wp\/v2\/users\/2"}],"replies":[{"embeddable":true,"href":"https:\/\/cronicadesoledad.com\/index.php\/wp-json\/wp\/v2\/comments?post=7475"}],"version-history":[{"count":1,"href":"https:\/\/cronicadesoledad.com\/index.php\/wp-json\/wp\/v2\/posts\/7475\/revisions"}],"predecessor-version":[{"id":7477,"href":"https:\/\/cronicadesoledad.com\/index.php\/wp-json\/wp\/v2\/posts\/7475\/revisions\/7477"}],"wp:featuredmedia":[{"embeddable":true,"href":"https:\/\/cronicadesoledad.com\/index.php\/wp-json\/wp\/v2\/media\/7476"}],"wp:attachment":[{"href":"https:\/\/cronicadesoledad.com\/index.php\/wp-json\/wp\/v2\/media?parent=7475"}],"wp:term":[{"taxonomy":"category","embeddable":true,"href":"https:\/\/cronicadesoledad.com\/index.php\/wp-json\/wp\/v2\/categories?post=7475"},{"taxonomy":"post_tag","embeddable":true,"href":"https:\/\/cronicadesoledad.com\/index.php\/wp-json\/wp\/v2\/tags?post=7475"}],"curies":[{"name":"wp","href":"https:\/\/api.w.org\/{rel}","templated":true}]}}