{"id":7478,"date":"2023-12-05T20:30:00","date_gmt":"2023-12-06T02:30:00","guid":{"rendered":"https:\/\/cronicadesoledad.com\/?p=7478"},"modified":"2023-12-05T19:12:59","modified_gmt":"2023-12-06T01:12:59","slug":"rastro-municipal-listo-para-atender-alza-de-actividades","status":"publish","type":"post","link":"https:\/\/cronicadesoledad.com\/index.php\/2023\/12\/05\/rastro-municipal-listo-para-atender-alza-de-actividades\/","title":{"rendered":"Rastro municipal, listo para atender alza de actividades"},"content":{"rendered":"\n<p>El Rastro Municipal de Soledad de Graciano S\u00e1nchez se encuentra preparado para hacer frente al aumento esperado en la demanda de sus servicios durante la temporada decembrina, seg\u00fan anunci\u00f3 el director del \u00e1rea, Federico Rodr\u00edguez de Lira, al se\u00f1alar que su \u00e1rea se mantiene pendiente de las necesidades de la poblaci\u00f3n y productores.<\/p>\n\n\n\n<p>Indic\u00f3 que para esta temporada se proyecta un aumento del 20 por ciento en el sacrificio de bovinos y del 30 por ciento en la matanza de porcinos, siendo este el de mayor preferencia por la poblaci\u00f3n durante las festividades, &#8220;durante la temporada decembrina, el consumo de carne de cerdo experimenta un aumento destacado, siendo el favorito entre la poblaci\u00f3n&#8221;.<\/p>\n\n\n\n<p>Debido al alza en las operaciones durante el mes de diciembre, se implementar\u00e1 un horario ampliado, por lo que el servicio se brindar\u00e1 desde las 8 de la ma\u00f1ana hasta las 3 de la tarde y en caso de necesidad, el rastro podr\u00eda permanecer abierto hasta las 5 de la tarde, asegurando la atenci\u00f3n a los productores que requieran de este servicio adicional.<\/p>\n\n\n\n<p>Con estas adecuaciones, se buscar\u00e1 brindar un servicio eficiente y de calidad, garantizando el abastecimiento de carne para la comunidad durante la temporada festiva. Invit\u00f3 a la poblaci\u00f3n a informarse sobre el horario extendido, promoviendo la colaboraci\u00f3n para una gesti\u00f3n fluida durante esta temporada de alta demanda.<\/p>\n","protected":false},"excerpt":{"rendered":"<p>El Rastro Municipal de Soledad de Graciano S\u00e1nchez se encuentra preparado para hacer frente al aumento esperado en la demanda de sus servicios durante la temporada decembrina, seg\u00fan anunci\u00f3 el director del \u00e1rea, Federico Rodr\u00edguez de Lira, al se\u00f1alar que su \u00e1rea se mantiene pendiente de las necesidades de la poblaci\u00f3n y productores. Indic\u00f3 que [&hellip;]<\/p>\n","protected":false},"author":2,"featured_media":7479,"comment_status":"open","ping_status":"open","sticky":false,"template":"","format":"standard","meta":{"footnotes":""},"categories":[30,1,24,21],"tags":[223,999,294,261,27],"class_list":{"0":"post-7478","1":"post","2":"type-post","3":"status-publish","4":"format-standard","5":"has-post-thumbnail","7":"category-de-la-region-centro","8":"category-destacadas","9":"category-informacion-general","10":"category-tu-soledad","11":"tag-ayuntamiento-soledense","12":"tag-rastro-municipal","13":"tag-san-luis","14":"tag-slp","15":"tag-soledad"},"_links":{"self":[{"href":"https:\/\/cronicadesoledad.com\/index.php\/wp-json\/wp\/v2\/posts\/7478","targetHints":{"allow":["GET"]}}],"collection":[{"href":"https:\/\/cronicadesoledad.com\/index.php\/wp-json\/wp\/v2\/posts"}],"about":[{"href":"https:\/\/cronicadesoledad.com\/index.php\/wp-json\/wp\/v2\/types\/post"}],"author":[{"embeddable":true,"href":"https:\/\/cronicadesoledad.com\/index.php\/wp-json\/wp\/v2\/users\/2"}],"replies":[{"embeddable":true,"href":"https:\/\/cronicadesoledad.com\/index.php\/wp-json\/wp\/v2\/comments?post=7478"}],"version-history":[{"count":1,"href":"https:\/\/cronicadesoledad.com\/index.php\/wp-json\/wp\/v2\/posts\/7478\/revisions"}],"predecessor-version":[{"id":7480,"href":"https:\/\/cronicadesoledad.com\/index.php\/wp-json\/wp\/v2\/posts\/7478\/revisions\/7480"}],"wp:featuredmedia":[{"embeddable":true,"href":"https:\/\/cronicadesoledad.com\/index.php\/wp-json\/wp\/v2\/media\/7479"}],"wp:attachment":[{"href":"https:\/\/cronicadesoledad.com\/index.php\/wp-json\/wp\/v2\/media?parent=7478"}],"wp:term":[{"taxonomy":"category","embeddable":true,"href":"https:\/\/cronicadesoledad.com\/index.php\/wp-json\/wp\/v2\/categories?post=7478"},{"taxonomy":"post_tag","embeddable":true,"href":"https:\/\/cronicadesoledad.com\/index.php\/wp-json\/wp\/v2\/tags?post=7478"}],"curies":[{"name":"wp","href":"https:\/\/api.w.org\/{rel}","templated":true}]}}