{"id":7484,"date":"2023-12-05T21:00:00","date_gmt":"2023-12-06T03:00:00","guid":{"rendered":"https:\/\/cronicadesoledad.com\/?p=7484"},"modified":"2023-12-05T19:16:29","modified_gmt":"2023-12-06T01:16:29","slug":"oxxo-reconoce-a-seguridad-soledense-es-reconocida-por-fortalecer-lucha-contra-delitos","status":"publish","type":"post","link":"https:\/\/cronicadesoledad.com\/index.php\/2023\/12\/05\/oxxo-reconoce-a-seguridad-soledense-es-reconocida-por-fortalecer-lucha-contra-delitos\/","title":{"rendered":"OXXO reconoce a seguridad soledense es reconocida por fortalecer lucha contra delitos"},"content":{"rendered":"\n<p>Derivado de una destacada labor a trav\u00e9s de operativos espec\u00edficos para inhibir hechos con apariencia de delito que afectan comercios y tiendas de conveniencia, Seguridad P\u00fablica de Soledad de Graciano S\u00e1nchez fue reconocida por la cadena comercial Oxxo por lograr una reducci\u00f3n de m\u00e1s de 50 por ciento en robos y asaltos de 2022 a 2023, adem\u00e1s de la detenci\u00f3n de objetivos prioritarios responsables de atentar contra el patrimonio de estos establecimientos.<\/p>\n\n\n\n<p>El evento se llev\u00f3 a cabo en la comandancia central de la corporaci\u00f3n municipal, donde estuvo presente a nombre de la Alcaldesa, el Secretario General del Ayuntamiento, Ernesto Jes\u00fas Barajas \u00c1brego; el \u00e1rea de Protecci\u00f3n Patrimonial de la cadena comercial, mostr\u00f3 cifras que revelaron la eficacia de los dispositivos encaminados a prevenir y erradicar il\u00edcitos contra las m\u00e1s de 60 sucursales que tiene Oxxo en Soledad, por lo que entreg\u00f3 reconocimientos a los oficiales soledenses, encabezados por su Director General, comisario H\u00e9ctor \u00c9dgar Mar del \u00c1ngel.<\/p>\n\n\n\n<p>Al respecto, el mando de Seguridad P\u00fablica se\u00f1al\u00f3 que el saldo positivo es gracias a los servidores p\u00fablicos que diariamente trabajan con el compromiso de brindar espacios seguros para la poblaci\u00f3n quienes laboran en estas tiendas, adem\u00e1s de que las capturas de los objetivos criminales tambi\u00e9n son generadores de otros hechos que afectan a la ciudadan\u00eda y con su detenci\u00f3n tambi\u00e9n se inhiben otros delitos.<\/p>\n\n\n\n<p>&#8220;Este reconocimiento es gracias a la dedicaci\u00f3n y compromiso con la sociedad, con esto se demuestra que el trabajar en equipo es la clave para lograr paz en la demarcaci\u00f3n y refuerza la confianza y percepci\u00f3n que la poblaci\u00f3n tiene hacia nosotros, agradezco a la empresa por remover a mis oficiales y por trabajar de la mano con nosotros para lograr un mejor Soledad&#8221;, dijo el mando policial.<\/p>\n","protected":false},"excerpt":{"rendered":"<p>Derivado de una destacada labor a trav\u00e9s de operativos espec\u00edficos para inhibir hechos con apariencia de delito que afectan comercios y tiendas de conveniencia, Seguridad P\u00fablica de Soledad de Graciano S\u00e1nchez fue reconocida por la cadena comercial Oxxo por lograr una reducci\u00f3n de m\u00e1s de 50 por ciento en robos y asaltos de 2022 a [&hellip;]<\/p>\n","protected":false},"author":2,"featured_media":7485,"comment_status":"open","ping_status":"open","sticky":false,"template":"","format":"standard","meta":{"footnotes":""},"categories":[30,1,24,19,21],"tags":[223,1005,429,294,276,261,27],"class_list":{"0":"post-7484","1":"post","2":"type-post","3":"status-publish","4":"format-standard","5":"has-post-thumbnail","7":"category-de-la-region-centro","8":"category-destacadas","9":"category-informacion-general","10":"category-seguridad","11":"category-tu-soledad","12":"tag-ayuntamiento-soledense","13":"tag-delito","14":"tag-oxxo","15":"tag-san-luis","16":"tag-seguridad","17":"tag-slp","18":"tag-soledad"},"_links":{"self":[{"href":"https:\/\/cronicadesoledad.com\/index.php\/wp-json\/wp\/v2\/posts\/7484","targetHints":{"allow":["GET"]}}],"collection":[{"href":"https:\/\/cronicadesoledad.com\/index.php\/wp-json\/wp\/v2\/posts"}],"about":[{"href":"https:\/\/cronicadesoledad.com\/index.php\/wp-json\/wp\/v2\/types\/post"}],"author":[{"embeddable":true,"href":"https:\/\/cronicadesoledad.com\/index.php\/wp-json\/wp\/v2\/users\/2"}],"replies":[{"embeddable":true,"href":"https:\/\/cronicadesoledad.com\/index.php\/wp-json\/wp\/v2\/comments?post=7484"}],"version-history":[{"count":1,"href":"https:\/\/cronicadesoledad.com\/index.php\/wp-json\/wp\/v2\/posts\/7484\/revisions"}],"predecessor-version":[{"id":7486,"href":"https:\/\/cronicadesoledad.com\/index.php\/wp-json\/wp\/v2\/posts\/7484\/revisions\/7486"}],"wp:featuredmedia":[{"embeddable":true,"href":"https:\/\/cronicadesoledad.com\/index.php\/wp-json\/wp\/v2\/media\/7485"}],"wp:attachment":[{"href":"https:\/\/cronicadesoledad.com\/index.php\/wp-json\/wp\/v2\/media?parent=7484"}],"wp:term":[{"taxonomy":"category","embeddable":true,"href":"https:\/\/cronicadesoledad.com\/index.php\/wp-json\/wp\/v2\/categories?post=7484"},{"taxonomy":"post_tag","embeddable":true,"href":"https:\/\/cronicadesoledad.com\/index.php\/wp-json\/wp\/v2\/tags?post=7484"}],"curies":[{"name":"wp","href":"https:\/\/api.w.org\/{rel}","templated":true}]}}