{"id":7487,"date":"2023-12-06T10:48:39","date_gmt":"2023-12-06T16:48:39","guid":{"rendered":"https:\/\/cronicadesoledad.com\/?p=7487"},"modified":"2023-12-06T10:51:27","modified_gmt":"2023-12-06T16:51:27","slug":"mujer-da-a-luz-en-su-camioneta","status":"publish","type":"post","link":"https:\/\/cronicadesoledad.com\/index.php\/2023\/12\/06\/mujer-da-a-luz-en-su-camioneta\/","title":{"rendered":"Mujer da a luz en su camioneta"},"content":{"rendered":"\n<h2 class=\"wp-block-heading\">La Polic\u00eda Municipal auxili\u00f3 a la mujer dentro de su auto. <\/h2>\n\n\n\n<p>En la avenida Jos\u00e9 G\u00e1lvez se di\u00f3 un suceso tan inesperado como lo e sla vida, una mujer tuvo que dar a luz en su camioneta orillada en esta avenida. La Polic\u00eda Municipal la auxiliaron a poder dar a luz en medio de estas circunstancias. <\/p>\n\n\n\n<p>Una ambulancia de la polic\u00eda traslado a la nueva mam\u00e1 y a su recien nacida a la unidad del IMSS en Nicol\u00e1s Zapata. Y a pesar de lo agetreado del nacimiento, ambas se encuentras estables y con buena slaud. <\/p>\n\n\n\n<p>Esta peque\u00f1a tendr\u00e1 una buena historia que contar cuando crezca. <\/p>\n\n\n\n<figure class=\"wp-block-image size-large\"><img loading=\"lazy\" decoding=\"async\" width=\"1024\" height=\"576\" src=\"https:\/\/cronicadesoledad.com\/wp-content\/uploads\/2023\/12\/MUJER-DA-A-LUZ-EN-SU-CAMIONETA-1024x576.jpg\" alt=\"\" class=\"wp-image-7488\" srcset=\"https:\/\/cronicadesoledad.com\/wp-content\/uploads\/2023\/12\/MUJER-DA-A-LUZ-EN-SU-CAMIONETA-1024x576.jpg 1024w, https:\/\/cronicadesoledad.com\/wp-content\/uploads\/2023\/12\/MUJER-DA-A-LUZ-EN-SU-CAMIONETA-300x169.jpg 300w, https:\/\/cronicadesoledad.com\/wp-content\/uploads\/2023\/12\/MUJER-DA-A-LUZ-EN-SU-CAMIONETA-768x432.jpg 768w, https:\/\/cronicadesoledad.com\/wp-content\/uploads\/2023\/12\/MUJER-DA-A-LUZ-EN-SU-CAMIONETA-696x391.jpg 696w, https:\/\/cronicadesoledad.com\/wp-content\/uploads\/2023\/12\/MUJER-DA-A-LUZ-EN-SU-CAMIONETA-1068x600.jpg 1068w, https:\/\/cronicadesoledad.com\/wp-content\/uploads\/2023\/12\/MUJER-DA-A-LUZ-EN-SU-CAMIONETA.jpg 1080w\" sizes=\"auto, (max-width: 1024px) 100vw, 1024px\" \/><\/figure>\n","protected":false},"excerpt":{"rendered":"<p>La Polic\u00eda Municipal auxili\u00f3 a la mujer dentro de su auto. En la avenida Jos\u00e9 G\u00e1lvez se di\u00f3 un suceso tan inesperado como lo e sla vida, una mujer tuvo que dar a luz en su camioneta orillada en esta avenida. La Polic\u00eda Municipal la auxiliaron a poder dar a luz en medio de estas [&hellip;]<\/p>\n","protected":false},"author":6,"featured_media":7489,"comment_status":"open","ping_status":"open","sticky":false,"template":"","format":"standard","meta":{"footnotes":""},"categories":[1,24,21],"tags":[1007,893,294,261],"class_list":{"0":"post-7487","1":"post","2":"type-post","3":"status-publish","4":"format-standard","5":"has-post-thumbnail","7":"category-destacadas","8":"category-informacion-general","9":"category-tu-soledad","10":"tag-parto-en-la-calle","11":"tag-policia-municipal","12":"tag-san-luis","13":"tag-slp"},"_links":{"self":[{"href":"https:\/\/cronicadesoledad.com\/index.php\/wp-json\/wp\/v2\/posts\/7487","targetHints":{"allow":["GET"]}}],"collection":[{"href":"https:\/\/cronicadesoledad.com\/index.php\/wp-json\/wp\/v2\/posts"}],"about":[{"href":"https:\/\/cronicadesoledad.com\/index.php\/wp-json\/wp\/v2\/types\/post"}],"author":[{"embeddable":true,"href":"https:\/\/cronicadesoledad.com\/index.php\/wp-json\/wp\/v2\/users\/6"}],"replies":[{"embeddable":true,"href":"https:\/\/cronicadesoledad.com\/index.php\/wp-json\/wp\/v2\/comments?post=7487"}],"version-history":[{"count":2,"href":"https:\/\/cronicadesoledad.com\/index.php\/wp-json\/wp\/v2\/posts\/7487\/revisions"}],"predecessor-version":[{"id":7492,"href":"https:\/\/cronicadesoledad.com\/index.php\/wp-json\/wp\/v2\/posts\/7487\/revisions\/7492"}],"wp:featuredmedia":[{"embeddable":true,"href":"https:\/\/cronicadesoledad.com\/index.php\/wp-json\/wp\/v2\/media\/7489"}],"wp:attachment":[{"href":"https:\/\/cronicadesoledad.com\/index.php\/wp-json\/wp\/v2\/media?parent=7487"}],"wp:term":[{"taxonomy":"category","embeddable":true,"href":"https:\/\/cronicadesoledad.com\/index.php\/wp-json\/wp\/v2\/categories?post=7487"},{"taxonomy":"post_tag","embeddable":true,"href":"https:\/\/cronicadesoledad.com\/index.php\/wp-json\/wp\/v2\/tags?post=7487"}],"curies":[{"name":"wp","href":"https:\/\/api.w.org\/{rel}","templated":true}]}}