{"id":7582,"date":"2023-12-09T12:11:35","date_gmt":"2023-12-09T18:11:35","guid":{"rendered":"https:\/\/cronicadesoledad.com\/?p=7582"},"modified":"2023-12-09T12:11:35","modified_gmt":"2023-12-09T18:11:35","slug":"llega-van-gogh-dreams-porfin-a-slp","status":"publish","type":"post","link":"https:\/\/cronicadesoledad.com\/index.php\/2023\/12\/09\/llega-van-gogh-dreams-porfin-a-slp\/","title":{"rendered":"Llega \u201cVan Gogh Dreams\u201d porfin a SLP"},"content":{"rendered":"\n<p>El Ayuntamiento de San Luis Potos\u00ed, en colaboraci\u00f3n con Sensea Immersive y BMW Town, invita a las familias potosinas a disfrutar de la experiencia inmersiva \u201cVan Gogh Dreams\u201d, la cual estar\u00e1 lista a partir del 15 de diciembre, en el interior del centro comercial Citadella, ubicado en avenida Salvador Nava Mart\u00ednez.<\/p>\n\n\n<div class=\"wp-block-image\">\n<figure class=\"aligncenter\"><img decoding=\"async\" src=\"https:\/\/www.codigosanluis.com\/wp-content\/uploads\/2023\/12\/42bf2b1c-409e-4a81-938b-f75e9a6fd6c1.jpg\" alt=\"\"\/><\/figure>\n<\/div>\n\n\n<p>El gobierno de SLP colabora con este esfuerzo art\u00edstico para que los potosinos puedan apreciar las obras del reconocido artista neerland\u00e9s mediante el uso de tecnolog\u00eda moderna, al igual que lo han hecho millones de personas en el mundo y m\u00e1s de 300 mil personas en la Rep\u00fablica Mexicana.<\/p>\n\n\n\n<figure class=\"wp-block-image\"><img decoding=\"async\" src=\"https:\/\/www.codigosanluis.com\/wp-content\/uploads\/2023\/12\/daaa680a-2703-442c-a65e-b7667dc39f52.jpg\" alt=\"\"\/><\/figure>\n\n\n\n<p>La visita a la exposici\u00f3n tiene una duraci\u00f3n aproximada de sesenta minutos, y ofrece una experiencia que permite adentrarse a trav\u00e9s de una proyecci\u00f3n inmersiva perimetral de 360 grados con sonido envolvente, para apreciar r\u00e9plicas en gran formato, impresiones en alta calidad de sus m\u00e1s representativas obras, y los escenarios recreados en la obra de Vincent Van Gogh. La exposici\u00f3n estar\u00e1 vigente hasta el 14 de abril del 2024.<\/p>\n","protected":false},"excerpt":{"rendered":"<p>El Ayuntamiento de San Luis Potos\u00ed, en colaboraci\u00f3n con Sensea Immersive y BMW Town, invita a las familias potosinas a disfrutar de la experiencia inmersiva \u201cVan Gogh Dreams\u201d, la cual estar\u00e1 lista a partir del 15 de diciembre, en el interior del centro comercial Citadella, ubicado en avenida Salvador Nava Mart\u00ednez. El gobierno de SLP [&hellip;]<\/p>\n","protected":false},"author":6,"featured_media":7583,"comment_status":"open","ping_status":"open","sticky":false,"template":"","format":"standard","meta":{"footnotes":""},"categories":[30],"tags":[275,334,294,261,1052,1053],"class_list":{"0":"post-7582","1":"post","2":"type-post","3":"status-publish","4":"format-standard","5":"has-post-thumbnail","7":"category-de-la-region-centro","8":"tag-arte","9":"tag-cultura","10":"tag-san-luis","11":"tag-slp","12":"tag-van-gogh","13":"tag-van-gogh-dreams"},"_links":{"self":[{"href":"https:\/\/cronicadesoledad.com\/index.php\/wp-json\/wp\/v2\/posts\/7582","targetHints":{"allow":["GET"]}}],"collection":[{"href":"https:\/\/cronicadesoledad.com\/index.php\/wp-json\/wp\/v2\/posts"}],"about":[{"href":"https:\/\/cronicadesoledad.com\/index.php\/wp-json\/wp\/v2\/types\/post"}],"author":[{"embeddable":true,"href":"https:\/\/cronicadesoledad.com\/index.php\/wp-json\/wp\/v2\/users\/6"}],"replies":[{"embeddable":true,"href":"https:\/\/cronicadesoledad.com\/index.php\/wp-json\/wp\/v2\/comments?post=7582"}],"version-history":[{"count":1,"href":"https:\/\/cronicadesoledad.com\/index.php\/wp-json\/wp\/v2\/posts\/7582\/revisions"}],"predecessor-version":[{"id":7584,"href":"https:\/\/cronicadesoledad.com\/index.php\/wp-json\/wp\/v2\/posts\/7582\/revisions\/7584"}],"wp:featuredmedia":[{"embeddable":true,"href":"https:\/\/cronicadesoledad.com\/index.php\/wp-json\/wp\/v2\/media\/7583"}],"wp:attachment":[{"href":"https:\/\/cronicadesoledad.com\/index.php\/wp-json\/wp\/v2\/media?parent=7582"}],"wp:term":[{"taxonomy":"category","embeddable":true,"href":"https:\/\/cronicadesoledad.com\/index.php\/wp-json\/wp\/v2\/categories?post=7582"},{"taxonomy":"post_tag","embeddable":true,"href":"https:\/\/cronicadesoledad.com\/index.php\/wp-json\/wp\/v2\/tags?post=7582"}],"curies":[{"name":"wp","href":"https:\/\/api.w.org\/{rel}","templated":true}]}}