{"id":7607,"date":"2023-12-11T11:40:00","date_gmt":"2023-12-11T17:40:00","guid":{"rendered":"https:\/\/cronicadesoledad.com\/?p=7607"},"modified":"2023-12-11T11:13:09","modified_gmt":"2023-12-11T17:13:09","slug":"arranca-funcionamiento-del-pozo-posible-i","status":"publish","type":"post","link":"https:\/\/cronicadesoledad.com\/index.php\/2023\/12\/11\/arranca-funcionamiento-del-pozo-posible-i\/","title":{"rendered":"Arranca funcionamiento del Pozo Posible I"},"content":{"rendered":"\n<p>Villa de Pozos.-El Alcalde Enrique Galindo Ceballos, puso en operaci\u00f3n el Pozo Posible I en El Aguaje, el primero de los 10 pozos programados dentro del Plan Emergente de Agua con el que el gobierno capitalino busca mitigar la crisis derivada de la suspensi\u00f3n del abasto de las Presas El Realito y San Jos\u00e9.<\/p>\n\n\n\n<p>La actividad del Pozo Posible 1, inici\u00f3 con la inyecci\u00f3n de 65 litros por segundo a la red, lo que beneficiar\u00e1 de manera directa a alrededor de 17 mil habitantes del sur de la capital.<\/p>\n\n\n\n<p>Al poner en servicio este pozo, el Jefe del Gobierno de la Capital anunci\u00f3 que en lo que resta de diciembre y durante enero seguir\u00e1n conectando otros pozos a la red, con lo que se cumple el objetivo de satisfacer la demanda ante la cr\u00edtica situaci\u00f3n y que se ha venido atendiendo con el Plan Emergente de Agua.<\/p>\n\n\n\n<p>Enrique Galindo Ceballos se\u00f1al\u00f3 que cada perforaci\u00f3n representa un arduo trabajo que lleva largo tiempo y requiere importantes inversiones, pero indic\u00f3 que \u00e9stos eran necesarios ante la dif\u00edcil situaci\u00f3n que se present\u00f3 en la ciudad: \u201cNo \u00edbamos a dejar abandonados a los potosinos\u201d, recalc\u00f3.<\/p>\n\n\n\n<p>Por su parte el Director de Obras P\u00fablicas del Ayuntamiento, Nazario Pineda Osorio, inform\u00f3 que en la perforaci\u00f3n y equipamiento de este pozo se trabaj\u00f3 con tecnolog\u00eda de punta durante 56 d\u00edas, utilizando los mismos procesos que en los pozos petroleros para dar mayor agilidad y garantizar los resultados.<\/p>\n\n\n\n<p>El funcionario municipal dio a conocer que adicionalmente se construy\u00f3 un tanque para almacenar 750 mil litros que ser\u00e1n de reserva para abastecer a alrededor de 4 mil 500 casas de las Colonias Los Olivos, Residencial del Bosque, Puerta de Piedra, Sim\u00f3n D\u00edaz, Agua de Sal y Agua Real.<\/p>\n","protected":false},"excerpt":{"rendered":"<p>Villa de Pozos.-El Alcalde Enrique Galindo Ceballos, puso en operaci\u00f3n el Pozo Posible I en El Aguaje, el primero de los 10 pozos programados dentro del Plan Emergente de Agua con el que el gobierno capitalino busca mitigar la crisis derivada de la suspensi\u00f3n del abasto de las Presas El Realito y San Jos\u00e9. La [&hellip;]<\/p>\n","protected":false},"author":6,"featured_media":7608,"comment_status":"open","ping_status":"open","sticky":false,"template":"","format":"standard","meta":{"footnotes":""},"categories":[30],"tags":[1067,294,261,1068],"class_list":{"0":"post-7607","1":"post","2":"type-post","3":"status-publish","4":"format-standard","5":"has-post-thumbnail","7":"category-de-la-region-centro","8":"tag-pozos","9":"tag-san-luis","10":"tag-slp","11":"tag-villa-de-pozos"},"_links":{"self":[{"href":"https:\/\/cronicadesoledad.com\/index.php\/wp-json\/wp\/v2\/posts\/7607","targetHints":{"allow":["GET"]}}],"collection":[{"href":"https:\/\/cronicadesoledad.com\/index.php\/wp-json\/wp\/v2\/posts"}],"about":[{"href":"https:\/\/cronicadesoledad.com\/index.php\/wp-json\/wp\/v2\/types\/post"}],"author":[{"embeddable":true,"href":"https:\/\/cronicadesoledad.com\/index.php\/wp-json\/wp\/v2\/users\/6"}],"replies":[{"embeddable":true,"href":"https:\/\/cronicadesoledad.com\/index.php\/wp-json\/wp\/v2\/comments?post=7607"}],"version-history":[{"count":1,"href":"https:\/\/cronicadesoledad.com\/index.php\/wp-json\/wp\/v2\/posts\/7607\/revisions"}],"predecessor-version":[{"id":7609,"href":"https:\/\/cronicadesoledad.com\/index.php\/wp-json\/wp\/v2\/posts\/7607\/revisions\/7609"}],"wp:featuredmedia":[{"embeddable":true,"href":"https:\/\/cronicadesoledad.com\/index.php\/wp-json\/wp\/v2\/media\/7608"}],"wp:attachment":[{"href":"https:\/\/cronicadesoledad.com\/index.php\/wp-json\/wp\/v2\/media?parent=7607"}],"wp:term":[{"taxonomy":"category","embeddable":true,"href":"https:\/\/cronicadesoledad.com\/index.php\/wp-json\/wp\/v2\/categories?post=7607"},{"taxonomy":"post_tag","embeddable":true,"href":"https:\/\/cronicadesoledad.com\/index.php\/wp-json\/wp\/v2\/tags?post=7607"}],"curies":[{"name":"wp","href":"https:\/\/api.w.org\/{rel}","templated":true}]}}