{"id":7613,"date":"2023-12-11T11:20:00","date_gmt":"2023-12-11T17:20:00","guid":{"rendered":"https:\/\/cronicadesoledad.com\/?p=7613"},"modified":"2023-12-11T11:12:26","modified_gmt":"2023-12-11T17:12:26","slug":"posponen-audiencia-sobre-municipalizacion-de-pozos","status":"publish","type":"post","link":"https:\/\/cronicadesoledad.com\/index.php\/2023\/12\/11\/posponen-audiencia-sobre-municipalizacion-de-pozos\/","title":{"rendered":"Posponen audiencia sobre municipalizaci\u00f3n de Pozos."},"content":{"rendered":"\n<p>La audiencia que se iba a realizar como parte del amparo que concedi\u00f3 la suspensi\u00f3n definitiva del nombramiento como municipio de la Delegaci\u00f3n de Villa de Pozos se difiri\u00f3 para el pr\u00f3ximo 3 de Enero, por lo cual es muy probable que no haya elecciones en el 2024 en caso de que Pozos se convierta en municipio, reconoci\u00f3 el Diputado Jos\u00e9 Luis Fern\u00e1ndez Mart\u00ednez, presidente de la Comisi\u00f3n de Gobernaci\u00f3n del Congreso del Estado.&nbsp;<\/p>\n\n\n\n<p>&#8220;La audiencia estaba programada para los \u00faltimos d\u00edas del mes de noviembre fue nuevamente diferida, se program\u00f3 para el 3 de enero, lo que pedimos es que ya se desahogue&#8221;, se\u00f1al\u00f3 Fern\u00e1ndez Mart\u00ednez. &nbsp;<\/p>\n\n\n\n<p>El diputado local del PVEM sostuvo que al final de cuentas \u201cse logr\u00f3 lo que la parte quejosa buscaba\u201d que era &#8220;una chicana jur\u00eddica&#8221; para retrasar el nombramiento como municipio de Villa de Pozos lo cual hasta el momento se ha logrado. &nbsp;<\/p>\n\n\n\n<p>El legislador reiter\u00f3 que, debido a los retrasos en la audiencia, ser\u00e1 muy dif\u00edcil que haya elecciones en 2024, en caso de que se concrete el nuevo municipio; a pesar de ello, asegur\u00f3 que, aunque sigan las trabas de parte de los quejosos, por lo que no hay duda de que Villa de Pozos se va a convertir en el municipio \u201ctarde o temprano\u201d.&nbsp;<\/p>\n\n\n\n<p>&#8220;Es una deuda que tenemos con los habitantes de esa demarcaci\u00f3n que cumplieron con todos los requisitos y les vamos a cumplir que la Delegaci\u00f3n se convierta en municipio&#8221;, concluy\u00f3.<\/p>\n","protected":false},"excerpt":{"rendered":"<p>La audiencia que se iba a realizar como parte del amparo que concedi\u00f3 la suspensi\u00f3n definitiva del nombramiento como municipio de la Delegaci\u00f3n de Villa de Pozos se difiri\u00f3 para el pr\u00f3ximo 3 de Enero, por lo cual es muy probable que no haya elecciones en el 2024 en caso de que Pozos se convierta [&hellip;]<\/p>\n","protected":false},"author":6,"featured_media":7614,"comment_status":"open","ping_status":"open","sticky":false,"template":"","format":"standard","meta":{"footnotes":""},"categories":[30,1],"tags":[1067,294,261,1070],"class_list":{"0":"post-7613","1":"post","2":"type-post","3":"status-publish","4":"format-standard","5":"has-post-thumbnail","7":"category-de-la-region-centro","8":"category-destacadas","9":"tag-pozos","10":"tag-san-luis","11":"tag-slp","12":"tag-villa"},"_links":{"self":[{"href":"https:\/\/cronicadesoledad.com\/index.php\/wp-json\/wp\/v2\/posts\/7613","targetHints":{"allow":["GET"]}}],"collection":[{"href":"https:\/\/cronicadesoledad.com\/index.php\/wp-json\/wp\/v2\/posts"}],"about":[{"href":"https:\/\/cronicadesoledad.com\/index.php\/wp-json\/wp\/v2\/types\/post"}],"author":[{"embeddable":true,"href":"https:\/\/cronicadesoledad.com\/index.php\/wp-json\/wp\/v2\/users\/6"}],"replies":[{"embeddable":true,"href":"https:\/\/cronicadesoledad.com\/index.php\/wp-json\/wp\/v2\/comments?post=7613"}],"version-history":[{"count":1,"href":"https:\/\/cronicadesoledad.com\/index.php\/wp-json\/wp\/v2\/posts\/7613\/revisions"}],"predecessor-version":[{"id":7615,"href":"https:\/\/cronicadesoledad.com\/index.php\/wp-json\/wp\/v2\/posts\/7613\/revisions\/7615"}],"wp:featuredmedia":[{"embeddable":true,"href":"https:\/\/cronicadesoledad.com\/index.php\/wp-json\/wp\/v2\/media\/7614"}],"wp:attachment":[{"href":"https:\/\/cronicadesoledad.com\/index.php\/wp-json\/wp\/v2\/media?parent=7613"}],"wp:term":[{"taxonomy":"category","embeddable":true,"href":"https:\/\/cronicadesoledad.com\/index.php\/wp-json\/wp\/v2\/categories?post=7613"},{"taxonomy":"post_tag","embeddable":true,"href":"https:\/\/cronicadesoledad.com\/index.php\/wp-json\/wp\/v2\/tags?post=7613"}],"curies":[{"name":"wp","href":"https:\/\/api.w.org\/{rel}","templated":true}]}}