{"id":7619,"date":"2023-12-11T12:20:00","date_gmt":"2023-12-11T18:20:00","guid":{"rendered":"https:\/\/cronicadesoledad.com\/?p=7619"},"modified":"2023-12-11T11:23:16","modified_gmt":"2023-12-11T17:23:16","slug":"reconocen-esfuerzo-y-dedicacion-de-cuidadoras-potosinas","status":"publish","type":"post","link":"https:\/\/cronicadesoledad.com\/index.php\/2023\/12\/11\/reconocen-esfuerzo-y-dedicacion-de-cuidadoras-potosinas\/","title":{"rendered":"Reconocen esfuerzo y dedicaci\u00f3n de Cuidadoras Potosinas"},"content":{"rendered":"\n<p>Al entregar el Premio Municipal de Derechos Humanos \u201cEleanor Roosevelt\u201d 2023 al colectivo Cuidadoras Potosinas, el Alcalde Enrique Galindo Ceballos se dijo conmovido por esta labor humanitaria, por lo que se comprometi\u00f3 a construir el Sistema Municipal de Cuidadoras y Cuidadores.&nbsp;<\/p>\n\n\n\n<p>El Jefe de Gobierno Capitalino se\u00f1al\u00f3 que en esta labor trabajar\u00e1n el Cabildo, la Comisi\u00f3n Estatal de Derechos Humanos y la Coordinaci\u00f3n Municipal de Derechos Humanos, a fin de lograr para que este premio tenga otros valores agregados y en los pr\u00f3ximos meses crear y asignar presupuesto para que dicho sistema se ponga en funcionamiento y de resultados.<\/p>\n\n\n\n<p>\u201cMe conmueve la labor de las cuidadoras y los cuidadores, adem\u00e1s de que cualquier persona podemos llegar a serlo y en el caso, de las mujeres se duplican las obligaciones y se vuelven m\u00e1s complejas estas labores, de ah\u00ed la necesidad de ratificar la vocaci\u00f3n de este gobierno en materia de derechos humanos y de reconocer a quienes se dedican a su promoci\u00f3n, pero tambi\u00e9n a quienes trabajan a favor de las dem\u00e1s personas como los otros dos colectivos a los que aplaudimos igualmente su gran labor\u201d, a\u00f1adi\u00f3 el alcalde en Sesi\u00f3n Solemne de Cabildo.<\/p>\n\n\n\n<p>En su intervenci\u00f3n, la Regidora que preside la Comisi\u00f3n de Derechos Humanos y Participaci\u00f3n Ciudadana, Elodia Guti\u00e9rrez Estrada, reconoci\u00f3 el gran esfuerzo y legado del colectivo Cuidadoras Potosinas, as\u00ed como de las personas y de las asociaciones que se dedican a procurar a sectores en desventaja social, \u201cpor lo que este Cabildo deja huella con esta Presea. Y en esta ocasi\u00f3n, resalta al Colectivo que lleva a cabo el acompa\u00f1amiento de las personas, y hacemos un reconocimiento especial a las madres cuidadoras que incluso dejan todo para dedicarse a quienes las necesitan\u201d.<\/p>\n\n\n\n<p>En la semblanza destac\u00f3 los m\u00e9ritos de la representante de Cuidadoras Potosinas, Mariana Hern\u00e1ndez Noriega, adem\u00e1s de los logros conseguidos como agrupaci\u00f3n civil como capacitaci\u00f3n continua, canalizaci\u00f3n a servicios m\u00e9dicos, campa\u00f1as de difusi\u00f3n para reconocer a pacientes, pero tambi\u00e9n a quienes les cuidan, adem\u00e1s de la presentaci\u00f3n de iniciativa para crear la Ley de Personas Cuidadoras ante el Congreso. Conmovida, puntualiz\u00f3: \u201cCuidar es el acto noble por la otra persona olvid\u00e1ndose incluso de uno mismo, y es el gesto m\u00e1s grande de amor y de empat\u00eda\u201d.<\/p>\n\n\n\n<p>En representaci\u00f3n del Colectivo Cuidadoras Potosinas, Mariana Hern\u00e1ndez agradeci\u00f3 al Alcalde Enrique Galindo esta distinci\u00f3n a casi nueve a\u00f1os de trabajo a favor principalmente de adultos mayores y de infancias con discapacidad. \u201cEsta labor es realizada, en su mayor\u00eda por mujeres y ante las problem\u00e1ticas que enfrentan es necesario legislar y reconocer este derecho como ya se hace en pa\u00edses como Uruguay y Espa\u00f1a que tiene leyes a favor de personas cuidadoras. Por eso, exhorto al Gobierno Capitalino a ser el segundo en el pa\u00eds en contar con un Sistema Municipal de Cuidado\u201d. Resalt\u00f3 adem\u00e1s que este Colectivo ha mantenido una estrecha cercan\u00eda con el Ayuntamiento, a trav\u00e9s del DIF Municipal, y remarc\u00f3 que este Premio es para \u201clas cuidadoras que ahora est\u00e1n realizando su labor a favor de una persona con discapacidad o con una enfermedad cr\u00f3nica\u201d.<\/p>\n\n\n\n<p>Como invitadas e invitadas especiales estuvieron en esta Sesi\u00f3n de Cabildo Solemne, integrantes de las asociaciones \u201cAldea de los Abuelos\u201d y \u201cEducaci\u00f3n y Ciudadan\u00eda\u201d, quienes recibieron una menci\u00f3n honor\u00edfica por parte del Cabildo; personas que recibieron en a\u00f1os pasados el Premio Municipal de Derechos Humanos \u201cEleanor Roosevelt\u201d, as\u00ed como la y el titular de la Comisi\u00f3n Estatal de Derechos Humanos y de la Coordinador Municipal en esta materia.<\/p>\n","protected":false},"excerpt":{"rendered":"<p>Al entregar el Premio Municipal de Derechos Humanos \u201cEleanor Roosevelt\u201d 2023 al colectivo Cuidadoras Potosinas, el Alcalde Enrique Galindo Ceballos se dijo conmovido por esta labor humanitaria, por lo que se comprometi\u00f3 a construir el Sistema Municipal de Cuidadoras y Cuidadores.&nbsp; El Jefe de Gobierno Capitalino se\u00f1al\u00f3 que en esta labor trabajar\u00e1n el Cabildo, la [&hellip;]<\/p>\n","protected":false},"author":6,"featured_media":7620,"comment_status":"open","ping_status":"open","sticky":false,"template":"","format":"standard","meta":{"footnotes":""},"categories":[30,1],"tags":[1064,1067,1072,294,261,1068],"class_list":{"0":"post-7619","1":"post","2":"type-post","3":"status-publish","4":"format-standard","5":"has-post-thumbnail","7":"category-de-la-region-centro","8":"category-destacadas","9":"tag-enrique-galindo","10":"tag-pozos","11":"tag-premio-municipal-de-derechos-humanos-eleanor-roosevelt","12":"tag-san-luis","13":"tag-slp","14":"tag-villa-de-pozos"},"_links":{"self":[{"href":"https:\/\/cronicadesoledad.com\/index.php\/wp-json\/wp\/v2\/posts\/7619","targetHints":{"allow":["GET"]}}],"collection":[{"href":"https:\/\/cronicadesoledad.com\/index.php\/wp-json\/wp\/v2\/posts"}],"about":[{"href":"https:\/\/cronicadesoledad.com\/index.php\/wp-json\/wp\/v2\/types\/post"}],"author":[{"embeddable":true,"href":"https:\/\/cronicadesoledad.com\/index.php\/wp-json\/wp\/v2\/users\/6"}],"replies":[{"embeddable":true,"href":"https:\/\/cronicadesoledad.com\/index.php\/wp-json\/wp\/v2\/comments?post=7619"}],"version-history":[{"count":1,"href":"https:\/\/cronicadesoledad.com\/index.php\/wp-json\/wp\/v2\/posts\/7619\/revisions"}],"predecessor-version":[{"id":7621,"href":"https:\/\/cronicadesoledad.com\/index.php\/wp-json\/wp\/v2\/posts\/7619\/revisions\/7621"}],"wp:featuredmedia":[{"embeddable":true,"href":"https:\/\/cronicadesoledad.com\/index.php\/wp-json\/wp\/v2\/media\/7620"}],"wp:attachment":[{"href":"https:\/\/cronicadesoledad.com\/index.php\/wp-json\/wp\/v2\/media?parent=7619"}],"wp:term":[{"taxonomy":"category","embeddable":true,"href":"https:\/\/cronicadesoledad.com\/index.php\/wp-json\/wp\/v2\/categories?post=7619"},{"taxonomy":"post_tag","embeddable":true,"href":"https:\/\/cronicadesoledad.com\/index.php\/wp-json\/wp\/v2\/tags?post=7619"}],"curies":[{"name":"wp","href":"https:\/\/api.w.org\/{rel}","templated":true}]}}