{"id":7622,"date":"2023-12-11T13:00:00","date_gmt":"2023-12-11T19:00:00","guid":{"rendered":"https:\/\/cronicadesoledad.com\/?p=7622"},"modified":"2023-12-11T11:53:44","modified_gmt":"2023-12-11T17:53:44","slug":"en-marcha-el-operativo-bienvenido-paisano-en-soledad","status":"publish","type":"post","link":"https:\/\/cronicadesoledad.com\/index.php\/2023\/12\/11\/en-marcha-el-operativo-bienvenido-paisano-en-soledad\/","title":{"rendered":"En marcha el operativo \u201cBienvenido Paisano\u201d, en Soledad"},"content":{"rendered":"\n<p>La Presidenta Municipal de Soledad de Graciano S\u00e1nchez, Leonor Noyola Cervantes, puso en marcha el Operativo &#8220;Bienvenido Paisano&#8221;, en firme colaboraci\u00f3n con autoridades federales y estatales.<\/p>\n\n\n\n<p>El operativo, mismo que consiste en brindar vigilancia, orientaci\u00f3n y asistencia a familias connacionales que retornan de Estados Unidos de Am\u00e9rica para disfrutar de la temporada navide\u00f1a, funcionar\u00e1 a trav\u00e9s de m\u00f3dulos instalados estrat\u00e9gicamente en puntos carreteros del municipio, mediante los cuales se pretende respaldar y proteger la integridad de los paisanos en su arribo y durante su estancia en la zona metropolitana.<\/p>\n\n\n\n<p>\u201cEl Operativo &#8220;Bienvenido Paisano&#8221; ofrecer\u00e1 orientaci\u00f3n sobre diversos temas, como informaci\u00f3n tur\u00edstica y apoyo en tr\u00e1mites administrativos, con el prop\u00f3sito de facilitar su estancia y hacer que se sientan bienvenidos en su tierra natal\u201d, subray\u00f3 Noyola Cervantes.<\/p>\n\n\n<div class=\"wp-block-image\">\n<figure class=\"aligncenter size-large\"><img loading=\"lazy\" decoding=\"async\" width=\"1024\" height=\"684\" src=\"https:\/\/cronicadesoledad.com\/wp-content\/uploads\/2023\/12\/OPERATIVO-BIENVENIDO-PAISANO-18-1024x684.jpg\" alt=\"\" class=\"wp-image-7624\" srcset=\"https:\/\/cronicadesoledad.com\/wp-content\/uploads\/2023\/12\/OPERATIVO-BIENVENIDO-PAISANO-18-1024x684.jpg 1024w, https:\/\/cronicadesoledad.com\/wp-content\/uploads\/2023\/12\/OPERATIVO-BIENVENIDO-PAISANO-18-300x200.jpg 300w, https:\/\/cronicadesoledad.com\/wp-content\/uploads\/2023\/12\/OPERATIVO-BIENVENIDO-PAISANO-18-768x513.jpg 768w, https:\/\/cronicadesoledad.com\/wp-content\/uploads\/2023\/12\/OPERATIVO-BIENVENIDO-PAISANO-18-1536x1025.jpg 1536w, https:\/\/cronicadesoledad.com\/wp-content\/uploads\/2023\/12\/OPERATIVO-BIENVENIDO-PAISANO-18-696x465.jpg 696w, https:\/\/cronicadesoledad.com\/wp-content\/uploads\/2023\/12\/OPERATIVO-BIENVENIDO-PAISANO-18-1068x713.jpg 1068w, https:\/\/cronicadesoledad.com\/wp-content\/uploads\/2023\/12\/OPERATIVO-BIENVENIDO-PAISANO-18.jpg 1600w\" sizes=\"auto, (max-width: 1024px) 100vw, 1024px\" \/><\/figure>\n<\/div>\n\n\n<p>Al dar la bienvenida a los connacionales que arribaron el pasado viernes a Soledad y a aquellos que lo har\u00e1n en las pr\u00f3ximas semanas, la alcaldesa expres\u00f3 su agradecimiento a todas las \u00e1reas municipales, estatales y federales que se suman a este esfuerzo unido, entre ellas al ej\u00e9rcito mexicano, la guardia nacional, el cuerpo de bomberos, las coordinaciones de protecci\u00f3n civil estatal y municipal, seguridad p\u00fablica, DIF municipal, guardia civil estatal, as\u00ed como al&nbsp; instituto de migraci\u00f3n y enlace Internacional de Gobierno del Estado.<\/p>\n\n\n\n<p>La edil soledense aprovech\u00f3 la ocasi\u00f3n para agradecer al Mandatario Estatal, Ricardo Gallardo Cardona, por el apoyo incondicional que ha brindado a toda la poblaci\u00f3n del municipio y explic\u00f3 que, gracias a ello, los operativos y programas que ayudan a la gente se convierten en una realidad tangible.<\/p>\n\n\n\n<p>En el evento inaugural, los representantes de los gobiernos federal y estatal se comprometieron a brindar toda la colaboraci\u00f3n y apoyo necesario para garantizar la seguridad y el bienestar de los paisanos durante su estad\u00eda en la zona metropolitana, implementando medidas especiales de vigilancia y reforzando la presencia policial en las zonas de mayor afluencia.<\/p>\n","protected":false},"excerpt":{"rendered":"<p>La Presidenta Municipal de Soledad de Graciano S\u00e1nchez, Leonor Noyola Cervantes, puso en marcha el Operativo &#8220;Bienvenido Paisano&#8221;, en firme colaboraci\u00f3n con autoridades federales y estatales. El operativo, mismo que consiste en brindar vigilancia, orientaci\u00f3n y asistencia a familias connacionales que retornan de Estados Unidos de Am\u00e9rica para disfrutar de la temporada navide\u00f1a, funcionar\u00e1 a [&hellip;]<\/p>\n","protected":false},"author":6,"featured_media":7623,"comment_status":"open","ping_status":"open","sticky":false,"template":"","format":"standard","meta":{"footnotes":""},"categories":[1,21],"tags":[81,223,1049,29,261,27],"class_list":{"0":"post-7622","1":"post","2":"type-post","3":"status-publish","4":"format-standard","5":"has-post-thumbnail","7":"category-destacadas","8":"category-tu-soledad","9":"tag-alcaldesa-soledense","10":"tag-ayuntamiento-soledense","11":"tag-bienvenido-paisano","12":"tag-leonor-noyola","13":"tag-slp","14":"tag-soledad"},"_links":{"self":[{"href":"https:\/\/cronicadesoledad.com\/index.php\/wp-json\/wp\/v2\/posts\/7622","targetHints":{"allow":["GET"]}}],"collection":[{"href":"https:\/\/cronicadesoledad.com\/index.php\/wp-json\/wp\/v2\/posts"}],"about":[{"href":"https:\/\/cronicadesoledad.com\/index.php\/wp-json\/wp\/v2\/types\/post"}],"author":[{"embeddable":true,"href":"https:\/\/cronicadesoledad.com\/index.php\/wp-json\/wp\/v2\/users\/6"}],"replies":[{"embeddable":true,"href":"https:\/\/cronicadesoledad.com\/index.php\/wp-json\/wp\/v2\/comments?post=7622"}],"version-history":[{"count":1,"href":"https:\/\/cronicadesoledad.com\/index.php\/wp-json\/wp\/v2\/posts\/7622\/revisions"}],"predecessor-version":[{"id":7625,"href":"https:\/\/cronicadesoledad.com\/index.php\/wp-json\/wp\/v2\/posts\/7622\/revisions\/7625"}],"wp:featuredmedia":[{"embeddable":true,"href":"https:\/\/cronicadesoledad.com\/index.php\/wp-json\/wp\/v2\/media\/7623"}],"wp:attachment":[{"href":"https:\/\/cronicadesoledad.com\/index.php\/wp-json\/wp\/v2\/media?parent=7622"}],"wp:term":[{"taxonomy":"category","embeddable":true,"href":"https:\/\/cronicadesoledad.com\/index.php\/wp-json\/wp\/v2\/categories?post=7622"},{"taxonomy":"post_tag","embeddable":true,"href":"https:\/\/cronicadesoledad.com\/index.php\/wp-json\/wp\/v2\/tags?post=7622"}],"curies":[{"name":"wp","href":"https:\/\/api.w.org\/{rel}","templated":true}]}}