{"id":7630,"date":"2023-12-11T13:40:00","date_gmt":"2023-12-11T19:40:00","guid":{"rendered":"https:\/\/cronicadesoledad.com\/?p=7630"},"modified":"2023-12-11T12:13:22","modified_gmt":"2023-12-11T18:13:22","slug":"tiene-soledad-nuevo-titular-de-transito-y-policia-vial","status":"publish","type":"post","link":"https:\/\/cronicadesoledad.com\/index.php\/2023\/12\/11\/tiene-soledad-nuevo-titular-de-transito-y-policia-vial\/","title":{"rendered":"Tiene Soledad nuevo titular de tr\u00e1nsito y polic\u00eda vial\u00a0"},"content":{"rendered":"\n<p>Comprometidos con la mejora constante y reafirmar el compromiso de servir y guardar la paz en el municipio, la corporaci\u00f3n de Seguridad P\u00fablica de Soledad de Graciano S\u00e1nchez recibi\u00f3 al nuevo Director de Tr\u00e1nsito y Polic\u00eda Vial Municipal, el Coronel el retiro Enrique L\u00f3pez Hurtado, a quien tom\u00f3 protesta de su cargo el Secretario General del Ayuntamiento, Ernesto Jes\u00fas Barajas \u00c1brego.<\/p>\n\n\n\n<p>El nuevo mando vial fue recibido en la comandancia central de la corporaci\u00f3n por el Director General, Comisario H\u00e9ctor \u00c9dgar Mar del \u00c1ngel, quien lo present\u00f3 de forma oficial con los mandos y comandantes que integran Seguridad P\u00fablica Municipal como Direcci\u00f3n de Fuerzas Municipales, Peritos, el Centro de Sistemas, Informaci\u00f3n y Monitoreo (CESIM), entre otras.<\/p>\n\n\n\n<p>Al respecto, el nuevo titular de Tr\u00e1nsito Municipal se\u00f1al\u00f3 que sus aspiraciones en el cargo son principalmente reforzar las labores de prevenci\u00f3n y seguridad en las vialidades de la demarcaci\u00f3n, hacer valer el reglamento de tr\u00e1nsito, y tener mayor cercan\u00eda con la ciudadan\u00eda para atenderla con el debido respeto de sus derechos humanos.<\/p>\n\n\n\n<p>&#8220;Mi objetivo es apoyar en los operativos que se tienen y reforzarlos, generar conciencia en los automovilistas y transportistas sobre el reglamento de tr\u00e1nsito y cultura vial, generar acciones para que se respeten las se\u00f1al\u00e9ticas, pero sobre todo quiero una relaci\u00f3n cercana con la poblaci\u00f3n para hacer que conf\u00eden en nuestro trabajo y d\u00eda con d\u00eda valorar el respeto a los derechos humanos&#8221;, dijo el Director Enrique L\u00f3pez.<\/p>\n\n\n\n<p>Finalmente, el nuevo jefe policial dio un recorrido por las instalaciones de la comandancia central, conoci\u00f3 y se present\u00f3 con todo el personal, tambi\u00e9n inform\u00f3 sobre su experiencia en materia de Seguridad P\u00fablica, que en su mayor\u00eda despleg\u00f3 en los estado de Sinaloa y Michoac\u00e1n.<\/p>\n","protected":false},"excerpt":{"rendered":"<p>Comprometidos con la mejora constante y reafirmar el compromiso de servir y guardar la paz en el municipio, la corporaci\u00f3n de Seguridad P\u00fablica de Soledad de Graciano S\u00e1nchez recibi\u00f3 al nuevo Director de Tr\u00e1nsito y Polic\u00eda Vial Municipal, el Coronel el retiro Enrique L\u00f3pez Hurtado, a quien tom\u00f3 protesta de su cargo el Secretario General [&hellip;]<\/p>\n","protected":false},"author":6,"featured_media":7631,"comment_status":"open","ping_status":"open","sticky":false,"template":"","format":"standard","meta":{"footnotes":""},"categories":[1,21],"tags":[223,276,236,27,395],"class_list":{"0":"post-7630","1":"post","2":"type-post","3":"status-publish","4":"format-standard","5":"has-post-thumbnail","7":"category-destacadas","8":"category-tu-soledad","9":"tag-ayuntamiento-soledense","10":"tag-seguridad","11":"tag-seguridad-de-soledad","12":"tag-soledad","13":"tag-transito-vial-soledad-de-graciano-sanchez"},"_links":{"self":[{"href":"https:\/\/cronicadesoledad.com\/index.php\/wp-json\/wp\/v2\/posts\/7630","targetHints":{"allow":["GET"]}}],"collection":[{"href":"https:\/\/cronicadesoledad.com\/index.php\/wp-json\/wp\/v2\/posts"}],"about":[{"href":"https:\/\/cronicadesoledad.com\/index.php\/wp-json\/wp\/v2\/types\/post"}],"author":[{"embeddable":true,"href":"https:\/\/cronicadesoledad.com\/index.php\/wp-json\/wp\/v2\/users\/6"}],"replies":[{"embeddable":true,"href":"https:\/\/cronicadesoledad.com\/index.php\/wp-json\/wp\/v2\/comments?post=7630"}],"version-history":[{"count":1,"href":"https:\/\/cronicadesoledad.com\/index.php\/wp-json\/wp\/v2\/posts\/7630\/revisions"}],"predecessor-version":[{"id":7632,"href":"https:\/\/cronicadesoledad.com\/index.php\/wp-json\/wp\/v2\/posts\/7630\/revisions\/7632"}],"wp:featuredmedia":[{"embeddable":true,"href":"https:\/\/cronicadesoledad.com\/index.php\/wp-json\/wp\/v2\/media\/7631"}],"wp:attachment":[{"href":"https:\/\/cronicadesoledad.com\/index.php\/wp-json\/wp\/v2\/media?parent=7630"}],"wp:term":[{"taxonomy":"category","embeddable":true,"href":"https:\/\/cronicadesoledad.com\/index.php\/wp-json\/wp\/v2\/categories?post=7630"},{"taxonomy":"post_tag","embeddable":true,"href":"https:\/\/cronicadesoledad.com\/index.php\/wp-json\/wp\/v2\/tags?post=7630"}],"curies":[{"name":"wp","href":"https:\/\/api.w.org\/{rel}","templated":true}]}}