{"id":7699,"date":"2023-12-13T12:46:05","date_gmt":"2023-12-13T18:46:05","guid":{"rendered":"https:\/\/cronicadesoledad.com\/?p=7699"},"modified":"2023-12-13T12:46:06","modified_gmt":"2023-12-13T18:46:06","slug":"vandalizan-trabajos-de-rehabilitacion-de-pavimento","status":"publish","type":"post","link":"https:\/\/cronicadesoledad.com\/index.php\/2023\/12\/13\/vandalizan-trabajos-de-rehabilitacion-de-pavimento\/","title":{"rendered":"Vandalizan trabajos de rehabilitaci\u00f3n de pavimento\u00a0"},"content":{"rendered":"\n<p>SANTA MAR\u00cdA DEL R\u00cdO. &#8211; La rehabilitaci\u00f3n del \u00e1rea de ascenso y descenso de pasajeros en la Plaza Mart\u00edn Bautista se vio repentinamente afectada por actos de vandalismo, posponiendo la inauguraci\u00f3n programada.&nbsp;<\/p>\n\n\n\n<p>Personas desconocidas irrumpieron en la zona reci\u00e9n concluida, ocasionando da\u00f1os notorios en la superficie de concreto fresco destinado al tr\u00e1nsito de autobuses for\u00e1neos.&nbsp;<\/p>\n\n\n\n<p>Este incidente oblig\u00f3 a la Direcci\u00f3n de Obras P\u00fablicas a intervenir nuevamente, postergando la apertura oficial de esta importante \u00e1rea por al menos un d\u00eda.&nbsp;<\/p>\n\n\n\n<p>La Direcci\u00f3n de Obras P\u00fablicas, por instrucciones de la presidenta municipal, Miriam Mart\u00ednez Trejo, hab\u00eda culminado con \u00e9xito los trabajos de rehabilitaci\u00f3n que buscaban mejorar significativamente los espacios de carga y descarga de autobuses en la Plaza Mart\u00edn Bautista.&nbsp;<\/p>\n\n\n\n<p>No obstante, la intervenci\u00f3n irresponsable de individuos no identificados gener\u00f3 la necesidad de realizar reparaciones adicionales, seg\u00fan fue denunciado por la misma administraci\u00f3n municipal a trav\u00e9s de sus redes sociales.&nbsp;<\/p>\n\n\n\n<p>La autoridad municipal inform\u00f3 que varios metros cuadrados de la obra resultaron da\u00f1ados por la intrusi\u00f3n prematura de estas personas, quienes ingresaron al \u00e1rea cuando a\u00fan estaba en proceso de fraguado. Este acto vand\u00e1lico no solo caus\u00f3 inconvenientes log\u00edsticos sino tambi\u00e9n gastos adicionales para solucionar los da\u00f1os causados.&nbsp;<\/p>\n\n\n\n<p>Ante esta situaci\u00f3n, se hizo un llamado respetuoso a la comunidad para que, en aras del bien com\u00fan, se evite cualquier acci\u00f3n que pueda poner en riesgo el esfuerzo y la inversi\u00f3n destinados a mejorar las condiciones de la Plaza Mart\u00edn Bautista.&nbsp;<\/p>\n","protected":false},"excerpt":{"rendered":"<p>SANTA MAR\u00cdA DEL R\u00cdO. &#8211; La rehabilitaci\u00f3n del \u00e1rea de ascenso y descenso de pasajeros en la Plaza Mart\u00edn Bautista se vio repentinamente afectada por actos de vandalismo, posponiendo la inauguraci\u00f3n programada.&nbsp; Personas desconocidas irrumpieron en la zona reci\u00e9n concluida, ocasionando da\u00f1os notorios en la superficie de concreto fresco destinado al tr\u00e1nsito de autobuses for\u00e1neos.&nbsp; [&hellip;]<\/p>\n","protected":false},"author":6,"featured_media":7700,"comment_status":"open","ping_status":"open","sticky":false,"template":"","format":"standard","meta":{"footnotes":""},"categories":[30],"tags":[294,763,261,1104],"class_list":{"0":"post-7699","1":"post","2":"type-post","3":"status-publish","4":"format-standard","5":"has-post-thumbnail","7":"category-de-la-region-centro","8":"tag-san-luis","9":"tag-santa-maria","10":"tag-slp","11":"tag-vandalismo"},"_links":{"self":[{"href":"https:\/\/cronicadesoledad.com\/index.php\/wp-json\/wp\/v2\/posts\/7699","targetHints":{"allow":["GET"]}}],"collection":[{"href":"https:\/\/cronicadesoledad.com\/index.php\/wp-json\/wp\/v2\/posts"}],"about":[{"href":"https:\/\/cronicadesoledad.com\/index.php\/wp-json\/wp\/v2\/types\/post"}],"author":[{"embeddable":true,"href":"https:\/\/cronicadesoledad.com\/index.php\/wp-json\/wp\/v2\/users\/6"}],"replies":[{"embeddable":true,"href":"https:\/\/cronicadesoledad.com\/index.php\/wp-json\/wp\/v2\/comments?post=7699"}],"version-history":[{"count":1,"href":"https:\/\/cronicadesoledad.com\/index.php\/wp-json\/wp\/v2\/posts\/7699\/revisions"}],"predecessor-version":[{"id":7701,"href":"https:\/\/cronicadesoledad.com\/index.php\/wp-json\/wp\/v2\/posts\/7699\/revisions\/7701"}],"wp:featuredmedia":[{"embeddable":true,"href":"https:\/\/cronicadesoledad.com\/index.php\/wp-json\/wp\/v2\/media\/7700"}],"wp:attachment":[{"href":"https:\/\/cronicadesoledad.com\/index.php\/wp-json\/wp\/v2\/media?parent=7699"}],"wp:term":[{"taxonomy":"category","embeddable":true,"href":"https:\/\/cronicadesoledad.com\/index.php\/wp-json\/wp\/v2\/categories?post=7699"},{"taxonomy":"post_tag","embeddable":true,"href":"https:\/\/cronicadesoledad.com\/index.php\/wp-json\/wp\/v2\/tags?post=7699"}],"curies":[{"name":"wp","href":"https:\/\/api.w.org\/{rel}","templated":true}]}}