{"id":7702,"date":"2023-12-13T13:00:44","date_gmt":"2023-12-13T19:00:44","guid":{"rendered":"https:\/\/cronicadesoledad.com\/?p=7702"},"modified":"2023-12-13T13:00:45","modified_gmt":"2023-12-13T19:00:45","slug":"zara-es-cancelada-y-boicoteada","status":"publish","type":"post","link":"https:\/\/cronicadesoledad.com\/index.php\/2023\/12\/13\/zara-es-cancelada-y-boicoteada\/","title":{"rendered":"Zara es cancelada y boicoteada"},"content":{"rendered":"\n<h2 class=\"wp-block-heading\">La marca de Inditex fue cancelada en redes sociales por una pol\u00e9mica campa\u00f1a con similitudes con Gaza.&nbsp;<\/h2>\n\n\n\n<p>Dentro de su colecci\u00f3n semanal Collection 04-The Jacket, Zara comparti\u00f3 su nuevas chaquetas, abrigos y cazadoras. En la sesi\u00f3n de fotos compartida en redes sociales y su sitio oficial, se pueden apreciar los looks oscuros de la modelo en un fondo blanco y gris, posando con moldes de esculturas y maniqu\u00edes algunos sin extremidades y otros envueltos en telas blancas.&nbsp;<\/p>\n\n\n\n<p>Activistas palestinos se\u00f1alaron la posible alusi\u00f3n a la situaci\u00f3n actual en Gaza, adem\u00e1s la marca ha sido acusada de apoyar a Israel. Y no ha sido la \u00fanica vez que deben retirar algo de su colecci\u00f3n. En 2014 fueron cancelados por una playera con enormes similitudes a los uniformes utilizados en los campos de concentraci\u00f3n de jud\u00edos.&nbsp;<\/p>\n\n\n\n<p>Aunque la marca se justific\u00f3 diciendo que las fotograf\u00edas fueron tomadas hace meses, los usuarios llamaron al boicot para dejar de comprar en las tiendas de la marca y de Inditex. Dando como resultado la eliminaci\u00f3n total de este contenido en todas las plataformas de la Zara.&nbsp;<\/p>\n","protected":false},"excerpt":{"rendered":"<p>La marca de Inditex fue cancelada en redes sociales por una pol\u00e9mica campa\u00f1a con similitudes con Gaza.&nbsp; Dentro de su colecci\u00f3n semanal Collection 04-The Jacket, Zara comparti\u00f3 su nuevas chaquetas, abrigos y cazadoras. En la sesi\u00f3n de fotos compartida en redes sociales y su sitio oficial, se pueden apreciar los looks oscuros de la modelo [&hellip;]<\/p>\n","protected":false},"author":6,"featured_media":7703,"comment_status":"open","ping_status":"open","sticky":false,"template":"","format":"standard","meta":{"footnotes":""},"categories":[1,24],"tags":[1108,1106,288,1105],"class_list":{"0":"post-7702","1":"post","2":"type-post","3":"status-publish","4":"format-standard","5":"has-post-thumbnail","7":"category-destacadas","8":"category-informacion-general","9":"tag-gaza","10":"tag-inditex","11":"tag-internacional","12":"tag-zara"},"_links":{"self":[{"href":"https:\/\/cronicadesoledad.com\/index.php\/wp-json\/wp\/v2\/posts\/7702","targetHints":{"allow":["GET"]}}],"collection":[{"href":"https:\/\/cronicadesoledad.com\/index.php\/wp-json\/wp\/v2\/posts"}],"about":[{"href":"https:\/\/cronicadesoledad.com\/index.php\/wp-json\/wp\/v2\/types\/post"}],"author":[{"embeddable":true,"href":"https:\/\/cronicadesoledad.com\/index.php\/wp-json\/wp\/v2\/users\/6"}],"replies":[{"embeddable":true,"href":"https:\/\/cronicadesoledad.com\/index.php\/wp-json\/wp\/v2\/comments?post=7702"}],"version-history":[{"count":1,"href":"https:\/\/cronicadesoledad.com\/index.php\/wp-json\/wp\/v2\/posts\/7702\/revisions"}],"predecessor-version":[{"id":7704,"href":"https:\/\/cronicadesoledad.com\/index.php\/wp-json\/wp\/v2\/posts\/7702\/revisions\/7704"}],"wp:featuredmedia":[{"embeddable":true,"href":"https:\/\/cronicadesoledad.com\/index.php\/wp-json\/wp\/v2\/media\/7703"}],"wp:attachment":[{"href":"https:\/\/cronicadesoledad.com\/index.php\/wp-json\/wp\/v2\/media?parent=7702"}],"wp:term":[{"taxonomy":"category","embeddable":true,"href":"https:\/\/cronicadesoledad.com\/index.php\/wp-json\/wp\/v2\/categories?post=7702"},{"taxonomy":"post_tag","embeddable":true,"href":"https:\/\/cronicadesoledad.com\/index.php\/wp-json\/wp\/v2\/tags?post=7702"}],"curies":[{"name":"wp","href":"https:\/\/api.w.org\/{rel}","templated":true}]}}