{"id":7752,"date":"2023-12-14T12:59:24","date_gmt":"2023-12-14T18:59:24","guid":{"rendered":"https:\/\/cronicadesoledad.com\/?p=7752"},"modified":"2023-12-14T12:59:25","modified_gmt":"2023-12-14T18:59:25","slug":"abierto-mexicano-de-tenis-en-acapulco","status":"publish","type":"post","link":"https:\/\/cronicadesoledad.com\/index.php\/2023\/12\/14\/abierto-mexicano-de-tenis-en-acapulco\/","title":{"rendered":"Abierto Mexicano de Tenis en Acapulco"},"content":{"rendered":"\n<h2 class=\"wp-block-heading\">Se busca reactivar la econom\u00eda local con este evento de tenis a realizarse en febrero.&nbsp;<\/h2>\n\n\n\n<p>El Abierto Mexicano de Tenis mantiene su sede en Acapulco ser\u00e1 durante el 24 de febrero hasta el 2 de marzo de 2024, con el objetivo es generar un impacto en la econom\u00eda local con el evento.&nbsp;<\/p>\n\n\n\n<p>\u201cHoy, el torneo no solo celebra el tenis, sino que tambi\u00e9n representa la unidad y renovaci\u00f3n necesarias para construir un Acapulco a\u00fan m\u00e1s grandioso, entre todos los mexicanos, haremos que vuelva a brillar\u201d mencion\u00f3 \u00c1lvaro Falla, directivo del ATP mexicano.&nbsp;<\/p>\n\n\n\n<p>En redes sociales, Evelyn Salgado, Gobernadora de Guerrero anunci\u00f3 con entusiasmo esta noticia.&nbsp;<\/p>\n","protected":false},"excerpt":{"rendered":"<p>Se busca reactivar la econom\u00eda local con este evento de tenis a realizarse en febrero.&nbsp; El Abierto Mexicano de Tenis mantiene su sede en Acapulco ser\u00e1 durante el 24 de febrero hasta el 2 de marzo de 2024, con el objetivo es generar un impacto en la econom\u00eda local con el evento.&nbsp; \u201cHoy, el torneo [&hellip;]<\/p>\n","protected":false},"author":6,"featured_media":7753,"comment_status":"open","ping_status":"open","sticky":false,"template":"","format":"standard","meta":{"footnotes":""},"categories":[20,1],"tags":[1121,249,288,287,1120],"class_list":{"0":"post-7752","1":"post","2":"type-post","3":"status-publish","4":"format-standard","5":"has-post-thumbnail","7":"category-cronica-deportiva","8":"category-destacadas","9":"tag-abierto-mexicano-de-tenis","10":"tag-acapulco","11":"tag-internacional","12":"tag-nacional","13":"tag-tenis"},"_links":{"self":[{"href":"https:\/\/cronicadesoledad.com\/index.php\/wp-json\/wp\/v2\/posts\/7752","targetHints":{"allow":["GET"]}}],"collection":[{"href":"https:\/\/cronicadesoledad.com\/index.php\/wp-json\/wp\/v2\/posts"}],"about":[{"href":"https:\/\/cronicadesoledad.com\/index.php\/wp-json\/wp\/v2\/types\/post"}],"author":[{"embeddable":true,"href":"https:\/\/cronicadesoledad.com\/index.php\/wp-json\/wp\/v2\/users\/6"}],"replies":[{"embeddable":true,"href":"https:\/\/cronicadesoledad.com\/index.php\/wp-json\/wp\/v2\/comments?post=7752"}],"version-history":[{"count":1,"href":"https:\/\/cronicadesoledad.com\/index.php\/wp-json\/wp\/v2\/posts\/7752\/revisions"}],"predecessor-version":[{"id":7754,"href":"https:\/\/cronicadesoledad.com\/index.php\/wp-json\/wp\/v2\/posts\/7752\/revisions\/7754"}],"wp:featuredmedia":[{"embeddable":true,"href":"https:\/\/cronicadesoledad.com\/index.php\/wp-json\/wp\/v2\/media\/7753"}],"wp:attachment":[{"href":"https:\/\/cronicadesoledad.com\/index.php\/wp-json\/wp\/v2\/media?parent=7752"}],"wp:term":[{"taxonomy":"category","embeddable":true,"href":"https:\/\/cronicadesoledad.com\/index.php\/wp-json\/wp\/v2\/categories?post=7752"},{"taxonomy":"post_tag","embeddable":true,"href":"https:\/\/cronicadesoledad.com\/index.php\/wp-json\/wp\/v2\/tags?post=7752"}],"curies":[{"name":"wp","href":"https:\/\/api.w.org\/{rel}","templated":true}]}}