{"id":7775,"date":"2023-12-15T11:16:29","date_gmt":"2023-12-15T17:16:29","guid":{"rendered":"https:\/\/cronicadesoledad.com\/?p=7775"},"modified":"2023-12-15T11:16:29","modified_gmt":"2023-12-15T17:16:29","slug":"el-gobernador-solicita-una-declaratoria-de-desastre-por-sequia","status":"publish","type":"post","link":"https:\/\/cronicadesoledad.com\/index.php\/2023\/12\/15\/el-gobernador-solicita-una-declaratoria-de-desastre-por-sequia\/","title":{"rendered":"El gobernador solicita una Declaratoria de Desastre por Sequ\u00eda"},"content":{"rendered":"\n<h2 class=\"wp-block-heading\">En la reuni\u00f3n con el Consejo Estatal de Protecci\u00f3n Civil se emiti\u00f3 la solicitud de Declaratoria de Desastre Natural.&nbsp;<\/h2>\n\n\n\n<p>Durante la Sesi\u00f3n Extraordinaria que encabez\u00f3 el gobernador Ricardo Gallardo con el Consejo Estatal de Protecci\u00f3n Civil, se emiti\u00f3 una solicitud de la Declaratoria de Desastre Natural&nbsp; debido a la sequ\u00eda extrema que afecta a 28 municipios y otros 15 con sequ\u00eda excepcional.&nbsp;<\/p>\n\n\n\n<figure class=\"wp-block-image size-large\"><img loading=\"lazy\" decoding=\"async\" width=\"1024\" height=\"695\" src=\"https:\/\/cronicadesoledad.com\/wp-content\/uploads\/2023\/12\/141223-7917-RICARDO-GALLARDO-SOLICITA-DECLARATORIA-DE-DESASTRE-POR-SEQUIA-5-1024x695.jpeg\" alt=\"\" class=\"wp-image-7777\" srcset=\"https:\/\/cronicadesoledad.com\/wp-content\/uploads\/2023\/12\/141223-7917-RICARDO-GALLARDO-SOLICITA-DECLARATORIA-DE-DESASTRE-POR-SEQUIA-5-1024x695.jpeg 1024w, https:\/\/cronicadesoledad.com\/wp-content\/uploads\/2023\/12\/141223-7917-RICARDO-GALLARDO-SOLICITA-DECLARATORIA-DE-DESASTRE-POR-SEQUIA-5-300x204.jpeg 300w, https:\/\/cronicadesoledad.com\/wp-content\/uploads\/2023\/12\/141223-7917-RICARDO-GALLARDO-SOLICITA-DECLARATORIA-DE-DESASTRE-POR-SEQUIA-5-768x522.jpeg 768w, https:\/\/cronicadesoledad.com\/wp-content\/uploads\/2023\/12\/141223-7917-RICARDO-GALLARDO-SOLICITA-DECLARATORIA-DE-DESASTRE-POR-SEQUIA-5-696x473.jpeg 696w, https:\/\/cronicadesoledad.com\/wp-content\/uploads\/2023\/12\/141223-7917-RICARDO-GALLARDO-SOLICITA-DECLARATORIA-DE-DESASTRE-POR-SEQUIA-5-1068x725.jpeg 1068w, https:\/\/cronicadesoledad.com\/wp-content\/uploads\/2023\/12\/141223-7917-RICARDO-GALLARDO-SOLICITA-DECLARATORIA-DE-DESASTRE-POR-SEQUIA-5.jpeg 1200w\" sizes=\"auto, (max-width: 1024px) 100vw, 1024px\" \/><\/figure>\n\n\n\n<p>El Gobernador mencion\u00f3 la inversi\u00f3n de m\u00e1s de 600 millones de pesos para las y los productores agropecuarios, adem\u00e1s puntualiz\u00f3 \u201cning\u00fan recurso o apoyo federal o estatal ser\u00e1 suficiente si no aprendemos a producir m\u00e1s, con menos agua\u201d.&nbsp;<\/p>\n\n\n\n<p>La declaratoria de desastre natural incluye informes elaborados por Coordinaci\u00f3n Estatal de Protecci\u00f3n Civil (CEPC) y la Secretar\u00eda de Desarrollo Agropecuario y Recursos Hidr\u00e1ulicos (Sedarh), con informaci\u00f3n de las lluvias registradas en el a\u00f1o, comparativas y los da\u00f1os causados ante la ausencia de estas para que sea analizado y corroborado por la Federaci\u00f3n.&nbsp;<\/p>\n\n\n\n<p>Este informe que acompa\u00f1a a la solicitud, busca poder obtener recursos y acciones que ayuden a mitigar el impacto y para brindar el apoyo adecuado a os municipios afectados por esta sequ\u00eda.&nbsp;<\/p>\n","protected":false},"excerpt":{"rendered":"<p>En la reuni\u00f3n con el Consejo Estatal de Protecci\u00f3n Civil se emiti\u00f3 la solicitud de Declaratoria de Desastre Natural.&nbsp; Durante la Sesi\u00f3n Extraordinaria que encabez\u00f3 el gobernador Ricardo Gallardo con el Consejo Estatal de Protecci\u00f3n Civil, se emiti\u00f3 una solicitud de la Declaratoria de Desastre Natural&nbsp; debido a la sequ\u00eda extrema que afecta a 28 [&hellip;]<\/p>\n","protected":false},"author":6,"featured_media":7776,"comment_status":"open","ping_status":"open","sticky":false,"template":"","format":"standard","meta":{"footnotes":""},"categories":[30,1],"tags":[530,177,294,1126,261],"class_list":{"0":"post-7775","1":"post","2":"type-post","3":"status-publish","4":"format-standard","5":"has-post-thumbnail","7":"category-de-la-region-centro","8":"category-destacadas","9":"tag-agua","10":"tag-ricardo-gallardo","11":"tag-san-luis","12":"tag-sequia","13":"tag-slp"},"_links":{"self":[{"href":"https:\/\/cronicadesoledad.com\/index.php\/wp-json\/wp\/v2\/posts\/7775","targetHints":{"allow":["GET"]}}],"collection":[{"href":"https:\/\/cronicadesoledad.com\/index.php\/wp-json\/wp\/v2\/posts"}],"about":[{"href":"https:\/\/cronicadesoledad.com\/index.php\/wp-json\/wp\/v2\/types\/post"}],"author":[{"embeddable":true,"href":"https:\/\/cronicadesoledad.com\/index.php\/wp-json\/wp\/v2\/users\/6"}],"replies":[{"embeddable":true,"href":"https:\/\/cronicadesoledad.com\/index.php\/wp-json\/wp\/v2\/comments?post=7775"}],"version-history":[{"count":1,"href":"https:\/\/cronicadesoledad.com\/index.php\/wp-json\/wp\/v2\/posts\/7775\/revisions"}],"predecessor-version":[{"id":7778,"href":"https:\/\/cronicadesoledad.com\/index.php\/wp-json\/wp\/v2\/posts\/7775\/revisions\/7778"}],"wp:featuredmedia":[{"embeddable":true,"href":"https:\/\/cronicadesoledad.com\/index.php\/wp-json\/wp\/v2\/media\/7776"}],"wp:attachment":[{"href":"https:\/\/cronicadesoledad.com\/index.php\/wp-json\/wp\/v2\/media?parent=7775"}],"wp:term":[{"taxonomy":"category","embeddable":true,"href":"https:\/\/cronicadesoledad.com\/index.php\/wp-json\/wp\/v2\/categories?post=7775"},{"taxonomy":"post_tag","embeddable":true,"href":"https:\/\/cronicadesoledad.com\/index.php\/wp-json\/wp\/v2\/tags?post=7775"}],"curies":[{"name":"wp","href":"https:\/\/api.w.org\/{rel}","templated":true}]}}