{"id":7789,"date":"2023-12-15T13:29:44","date_gmt":"2023-12-15T19:29:44","guid":{"rendered":"https:\/\/cronicadesoledad.com\/?p=7789"},"modified":"2023-12-15T13:29:45","modified_gmt":"2023-12-15T19:29:45","slug":"ano-exitoso-en-bibliotecas-de-soledad","status":"publish","type":"post","link":"https:\/\/cronicadesoledad.com\/index.php\/2023\/12\/15\/ano-exitoso-en-bibliotecas-de-soledad\/","title":{"rendered":"A\u00f1o exitoso en bibliotecas de Soledad"},"content":{"rendered":"\n<h2 class=\"wp-block-heading\">Se atendieron alrededor de 2,600 personas en cada una de las 4 bibliotecas municipales<\/h2>\n\n\n\n<p>El Sistema Municipal de Bibliotecas de Soledad de Graciano S\u00e1nchez cierra el 2023 de forma exitosa, el equipo que compone el sistema de bibliotecas est\u00e1 listo para brindar la mejor atenci\u00f3n el pr\u00f3ximo a\u00f1o, asegur\u00f3 su titular Mar\u00eda Guadalupe Cort\u00e9s Segura.&nbsp;<\/p>\n\n\n\n<figure class=\"wp-block-image size-large\"><img loading=\"lazy\" decoding=\"async\" width=\"1024\" height=\"684\" src=\"https:\/\/cronicadesoledad.com\/wp-content\/uploads\/2023\/12\/WhatsApp-Image-2023-12-15-at-12.57.31-PM-1024x684.jpeg\" alt=\"\" class=\"wp-image-7791\" srcset=\"https:\/\/cronicadesoledad.com\/wp-content\/uploads\/2023\/12\/WhatsApp-Image-2023-12-15-at-12.57.31-PM-1024x684.jpeg 1024w, https:\/\/cronicadesoledad.com\/wp-content\/uploads\/2023\/12\/WhatsApp-Image-2023-12-15-at-12.57.31-PM-300x200.jpeg 300w, https:\/\/cronicadesoledad.com\/wp-content\/uploads\/2023\/12\/WhatsApp-Image-2023-12-15-at-12.57.31-PM-768x513.jpeg 768w, https:\/\/cronicadesoledad.com\/wp-content\/uploads\/2023\/12\/WhatsApp-Image-2023-12-15-at-12.57.31-PM-1536x1025.jpeg 1536w, https:\/\/cronicadesoledad.com\/wp-content\/uploads\/2023\/12\/WhatsApp-Image-2023-12-15-at-12.57.31-PM-696x465.jpeg 696w, https:\/\/cronicadesoledad.com\/wp-content\/uploads\/2023\/12\/WhatsApp-Image-2023-12-15-at-12.57.31-PM-1068x713.jpeg 1068w, https:\/\/cronicadesoledad.com\/wp-content\/uploads\/2023\/12\/WhatsApp-Image-2023-12-15-at-12.57.31-PM.jpeg 1600w\" sizes=\"auto, (max-width: 1024px) 100vw, 1024px\" \/><\/figure>\n\n\n\n<p>Los resultados anuales arrojan que se brind\u00f3 servicio a un promedio de dos mil 600 usuarios, la mayor\u00eda ni\u00f1as y ni\u00f1os de distintas escuelas de Soledad de Graciano S\u00e1nchez.&nbsp;<\/p>\n\n\n\n<p>Las bibliotecas disponibles para los soledenses son \u201cEnrique Almaz\u00e1n\u201d, \u201cEulalio Galarza\u201d, \u201cGraciano S\u00e1nchez\u201d y \u201cG\u00e1lvez\u201d, cuentan con c\u00edrculos de lectura, manualidades, clubs de tareas, actividades l\u00fadicas y cuenta cuentos.&nbsp;<\/p>\n\n\n\n<p>La titular asegur\u00f3 que se continuar\u00e1 brindando servicio de calidad y se redoblar\u00e1n los esfuerzos para atender a las y los soledenses.&nbsp;<\/p>\n\n\n\n<figure class=\"wp-block-image size-large\"><img loading=\"lazy\" decoding=\"async\" width=\"1024\" height=\"683\" src=\"https:\/\/cronicadesoledad.com\/wp-content\/uploads\/2023\/12\/WhatsApp-Image-2023-12-15-at-12.57.33-PM-1024x683.jpeg\" alt=\"\" class=\"wp-image-7792\" srcset=\"https:\/\/cronicadesoledad.com\/wp-content\/uploads\/2023\/12\/WhatsApp-Image-2023-12-15-at-12.57.33-PM-1024x683.jpeg 1024w, https:\/\/cronicadesoledad.com\/wp-content\/uploads\/2023\/12\/WhatsApp-Image-2023-12-15-at-12.57.33-PM-300x200.jpeg 300w, https:\/\/cronicadesoledad.com\/wp-content\/uploads\/2023\/12\/WhatsApp-Image-2023-12-15-at-12.57.33-PM-768x512.jpeg 768w, https:\/\/cronicadesoledad.com\/wp-content\/uploads\/2023\/12\/WhatsApp-Image-2023-12-15-at-12.57.33-PM-696x464.jpeg 696w, https:\/\/cronicadesoledad.com\/wp-content\/uploads\/2023\/12\/WhatsApp-Image-2023-12-15-at-12.57.33-PM-1068x713.jpeg 1068w, https:\/\/cronicadesoledad.com\/wp-content\/uploads\/2023\/12\/WhatsApp-Image-2023-12-15-at-12.57.33-PM.jpeg 1280w\" sizes=\"auto, (max-width: 1024px) 100vw, 1024px\" \/><\/figure>\n","protected":false},"excerpt":{"rendered":"<p>Se atendieron alrededor de 2,600 personas en cada una de las 4 bibliotecas municipales El Sistema Municipal de Bibliotecas de Soledad de Graciano S\u00e1nchez cierra el 2023 de forma exitosa, el equipo que compone el sistema de bibliotecas est\u00e1 listo para brindar la mejor atenci\u00f3n el pr\u00f3ximo a\u00f1o, asegur\u00f3 su titular Mar\u00eda Guadalupe Cort\u00e9s Segura.&nbsp; [&hellip;]<\/p>\n","protected":false},"author":6,"featured_media":7790,"comment_status":"open","ping_status":"open","sticky":false,"template":"","format":"standard","meta":{"footnotes":""},"categories":[1,21],"tags":[223,430,1130,261,27],"class_list":{"0":"post-7789","1":"post","2":"type-post","3":"status-publish","4":"format-standard","5":"has-post-thumbnail","7":"category-destacadas","8":"category-tu-soledad","9":"tag-ayuntamiento-soledense","10":"tag-bibliotecas","11":"tag-lectura","12":"tag-slp","13":"tag-soledad"},"_links":{"self":[{"href":"https:\/\/cronicadesoledad.com\/index.php\/wp-json\/wp\/v2\/posts\/7789","targetHints":{"allow":["GET"]}}],"collection":[{"href":"https:\/\/cronicadesoledad.com\/index.php\/wp-json\/wp\/v2\/posts"}],"about":[{"href":"https:\/\/cronicadesoledad.com\/index.php\/wp-json\/wp\/v2\/types\/post"}],"author":[{"embeddable":true,"href":"https:\/\/cronicadesoledad.com\/index.php\/wp-json\/wp\/v2\/users\/6"}],"replies":[{"embeddable":true,"href":"https:\/\/cronicadesoledad.com\/index.php\/wp-json\/wp\/v2\/comments?post=7789"}],"version-history":[{"count":1,"href":"https:\/\/cronicadesoledad.com\/index.php\/wp-json\/wp\/v2\/posts\/7789\/revisions"}],"predecessor-version":[{"id":7793,"href":"https:\/\/cronicadesoledad.com\/index.php\/wp-json\/wp\/v2\/posts\/7789\/revisions\/7793"}],"wp:featuredmedia":[{"embeddable":true,"href":"https:\/\/cronicadesoledad.com\/index.php\/wp-json\/wp\/v2\/media\/7790"}],"wp:attachment":[{"href":"https:\/\/cronicadesoledad.com\/index.php\/wp-json\/wp\/v2\/media?parent=7789"}],"wp:term":[{"taxonomy":"category","embeddable":true,"href":"https:\/\/cronicadesoledad.com\/index.php\/wp-json\/wp\/v2\/categories?post=7789"},{"taxonomy":"post_tag","embeddable":true,"href":"https:\/\/cronicadesoledad.com\/index.php\/wp-json\/wp\/v2\/tags?post=7789"}],"curies":[{"name":"wp","href":"https:\/\/api.w.org\/{rel}","templated":true}]}}