{"id":7794,"date":"2023-12-15T13:36:47","date_gmt":"2023-12-15T19:36:47","guid":{"rendered":"https:\/\/cronicadesoledad.com\/?p=7794"},"modified":"2023-12-15T13:36:47","modified_gmt":"2023-12-15T19:36:47","slug":"detuvieron-a-maestro-por-presunta-violacion-a-alumno","status":"publish","type":"post","link":"https:\/\/cronicadesoledad.com\/index.php\/2023\/12\/15\/detuvieron-a-maestro-por-presunta-violacion-a-alumno\/","title":{"rendered":"Detuvieron a maestro por presunta violaci\u00f3n a alumno\u00a0"},"content":{"rendered":"\n<p>VILLA DE REYES. &#8211; Fue cumplimentada una orden de aprehensi\u00f3n librada en contra de un maestro acusado de violar a un alumno, fue aprehendido por elementos de la Fiscal\u00eda General del Estado que le cumpliment\u00f3 el mandato emitido por un juez penal. El sospechoso ya se encuentra tras las rejas., a disposici\u00f3n de la autoridad que lo reclama.<br>El sospechoso fue identificado como Jos\u00e9 N., \u00e9l est\u00e1 imputado por hechos ocurridos en marzo de 2019, cuando se desempe\u00f1aba como maestro en una escuela primaria en el municipio de Villa de Reyes.<br>Fue por medio de un grupo de agentes de la Polic\u00eda de Investigaci\u00f3n como se cumpliment\u00f3 una orden de aprehensi\u00f3n en contra de Jos\u00e9 N., por ser el probable responsable del delito de violaci\u00f3n agravada.<br>La Fiscal\u00eda General del Estado detall\u00f3 que a dicho sujeto se le imputan hechos ocurridos en marzo del 2019, cuando se desempe\u00f1aba como maestro en una escuela de nivel b\u00e1sico del municipio de Villa de Reyes, lugar donde habr\u00eda abusado sexualmente de un menor, de identidad reservada.<br>Por esta raz\u00f3n, el personal operativo de la Fiscal\u00eda ubic\u00f3 al indiciado en una comunidad de dicho municipio, y tras notificarle el mandamiento judicial en su contra, se procedi\u00f3 con la lectura de sus derechos para efectuar su detenci\u00f3n.<br>Finalmente, el sujeto fue trasladado al Centro Estatal de Reinserci\u00f3n Social No.1, ubicado en la Delegaci\u00f3n La Pila; a disposici\u00f3n de un Juez de control, en espera de que sea resuelta su situaci\u00f3n jur\u00eddica por la autoridad correspondiente, lo cual deber\u00e1 ocurrir en las siguientes horas.<\/p>\n","protected":false},"excerpt":{"rendered":"<p>VILLA DE REYES. &#8211; Fue cumplimentada una orden de aprehensi\u00f3n librada en contra de un maestro acusado de violar a un alumno, fue aprehendido por elementos de la Fiscal\u00eda General del Estado que le cumpliment\u00f3 el mandato emitido por un juez penal. El sospechoso ya se encuentra tras las rejas., a disposici\u00f3n de la autoridad [&hellip;]<\/p>\n","protected":false},"author":6,"featured_media":7795,"comment_status":"open","ping_status":"open","sticky":false,"template":"","format":"standard","meta":{"footnotes":""},"categories":[30],"tags":[1131,294,261,900,1132],"class_list":{"0":"post-7794","1":"post","2":"type-post","3":"status-publish","4":"format-standard","5":"has-post-thumbnail","7":"category-de-la-region-centro","8":"tag-profesor","9":"tag-san-luis","10":"tag-slp","11":"tag-villa-de-reyes","12":"tag-violacion"},"_links":{"self":[{"href":"https:\/\/cronicadesoledad.com\/index.php\/wp-json\/wp\/v2\/posts\/7794","targetHints":{"allow":["GET"]}}],"collection":[{"href":"https:\/\/cronicadesoledad.com\/index.php\/wp-json\/wp\/v2\/posts"}],"about":[{"href":"https:\/\/cronicadesoledad.com\/index.php\/wp-json\/wp\/v2\/types\/post"}],"author":[{"embeddable":true,"href":"https:\/\/cronicadesoledad.com\/index.php\/wp-json\/wp\/v2\/users\/6"}],"replies":[{"embeddable":true,"href":"https:\/\/cronicadesoledad.com\/index.php\/wp-json\/wp\/v2\/comments?post=7794"}],"version-history":[{"count":1,"href":"https:\/\/cronicadesoledad.com\/index.php\/wp-json\/wp\/v2\/posts\/7794\/revisions"}],"predecessor-version":[{"id":7796,"href":"https:\/\/cronicadesoledad.com\/index.php\/wp-json\/wp\/v2\/posts\/7794\/revisions\/7796"}],"wp:featuredmedia":[{"embeddable":true,"href":"https:\/\/cronicadesoledad.com\/index.php\/wp-json\/wp\/v2\/media\/7795"}],"wp:attachment":[{"href":"https:\/\/cronicadesoledad.com\/index.php\/wp-json\/wp\/v2\/media?parent=7794"}],"wp:term":[{"taxonomy":"category","embeddable":true,"href":"https:\/\/cronicadesoledad.com\/index.php\/wp-json\/wp\/v2\/categories?post=7794"},{"taxonomy":"post_tag","embeddable":true,"href":"https:\/\/cronicadesoledad.com\/index.php\/wp-json\/wp\/v2\/tags?post=7794"}],"curies":[{"name":"wp","href":"https:\/\/api.w.org\/{rel}","templated":true}]}}