{"id":7866,"date":"2023-12-19T16:00:00","date_gmt":"2023-12-19T22:00:00","guid":{"rendered":"https:\/\/cronicadesoledad.com\/?p=7866"},"modified":"2023-12-19T12:46:24","modified_gmt":"2023-12-19T18:46:24","slug":"el-tren-maya-y-su-controversial-inauguracion","status":"publish","type":"post","link":"https:\/\/cronicadesoledad.com\/index.php\/2023\/12\/19\/el-tren-maya-y-su-controversial-inauguracion\/","title":{"rendered":"El Tren Maya y su controversial inauguraci\u00f3n\u00a0"},"content":{"rendered":"\n<p>Aunque a\u00fan no se termina de construir, este 16 de diciembre se hizo la inauguraci\u00f3n del tramo Canc\u00fan a Campeche. El proyecto realmente abarca m\u00e1s de 1500 km, pero la gran mayor\u00eda de estas rutas a\u00fan est\u00e1n en construcci\u00f3n.&nbsp;<\/p>\n\n\n\n<p>Los usuarios que ya hicieron uso del tren, mencionan que no existe gran diferencia entre la clase turista (precio $mil 166) y la clase premier (precio $mil 862). Algunos de los primeros trenes, tuvieron 5 horas de retraso y otro tard\u00f3 9 horas en completar el trayecto.&nbsp;<\/p>\n\n\n\n<p>Otra de las controversias que se evidencio con esta inauguraci\u00f3n, fue el problema con la secci\u00f3n de la ruta que afectar\u00e1 la reserva de la biosfera de Calakmul, \u00e1rea natural arqueol\u00f3gica y natural protegida.&nbsp;<\/p>\n\n\n\n<p>Este problem\u00e1tico tren ha sido denunciado varias veces por activistas ambientalistas, seg\u00fan la ambientalista Cristina Nolasco, la regi\u00f3n ha sido afectada con la tala de 10 millones de \u00e1rboles en la selva virgen. Adem\u00e1s, denunci\u00f3 que hasta el momento suman 6 jaguares atropellados y 121 cuevas efectuados por el tramo 5 del Tren Maya.&nbsp;<\/p>\n","protected":false},"excerpt":{"rendered":"<p>Aunque a\u00fan no se termina de construir, este 16 de diciembre se hizo la inauguraci\u00f3n del tramo Canc\u00fan a Campeche. El proyecto realmente abarca m\u00e1s de 1500 km, pero la gran mayor\u00eda de estas rutas a\u00fan est\u00e1n en construcci\u00f3n.&nbsp; Los usuarios que ya hicieron uso del tren, mencionan que no existe gran diferencia entre la [&hellip;]<\/p>\n","protected":false},"author":6,"featured_media":7867,"comment_status":"open","ping_status":"open","sticky":false,"template":"","format":"standard","meta":{"footnotes":""},"categories":[1,24],"tags":[850,287,179],"class_list":{"0":"post-7866","1":"post","2":"type-post","3":"status-publish","4":"format-standard","5":"has-post-thumbnail","7":"category-destacadas","8":"category-informacion-general","9":"tag-medio-ambiente","10":"tag-nacional","11":"tag-tren-maya"},"_links":{"self":[{"href":"https:\/\/cronicadesoledad.com\/index.php\/wp-json\/wp\/v2\/posts\/7866","targetHints":{"allow":["GET"]}}],"collection":[{"href":"https:\/\/cronicadesoledad.com\/index.php\/wp-json\/wp\/v2\/posts"}],"about":[{"href":"https:\/\/cronicadesoledad.com\/index.php\/wp-json\/wp\/v2\/types\/post"}],"author":[{"embeddable":true,"href":"https:\/\/cronicadesoledad.com\/index.php\/wp-json\/wp\/v2\/users\/6"}],"replies":[{"embeddable":true,"href":"https:\/\/cronicadesoledad.com\/index.php\/wp-json\/wp\/v2\/comments?post=7866"}],"version-history":[{"count":1,"href":"https:\/\/cronicadesoledad.com\/index.php\/wp-json\/wp\/v2\/posts\/7866\/revisions"}],"predecessor-version":[{"id":7868,"href":"https:\/\/cronicadesoledad.com\/index.php\/wp-json\/wp\/v2\/posts\/7866\/revisions\/7868"}],"wp:featuredmedia":[{"embeddable":true,"href":"https:\/\/cronicadesoledad.com\/index.php\/wp-json\/wp\/v2\/media\/7867"}],"wp:attachment":[{"href":"https:\/\/cronicadesoledad.com\/index.php\/wp-json\/wp\/v2\/media?parent=7866"}],"wp:term":[{"taxonomy":"category","embeddable":true,"href":"https:\/\/cronicadesoledad.com\/index.php\/wp-json\/wp\/v2\/categories?post=7866"},{"taxonomy":"post_tag","embeddable":true,"href":"https:\/\/cronicadesoledad.com\/index.php\/wp-json\/wp\/v2\/tags?post=7866"}],"curies":[{"name":"wp","href":"https:\/\/api.w.org\/{rel}","templated":true}]}}