{"id":7894,"date":"2023-12-20T12:34:25","date_gmt":"2023-12-20T18:34:25","guid":{"rendered":"https:\/\/cronicadesoledad.com\/?p=7894"},"modified":"2023-12-20T12:34:26","modified_gmt":"2023-12-20T18:34:26","slug":"semaforos-de-la-glorieta-juarez-ya-en-operacion","status":"publish","type":"post","link":"https:\/\/cronicadesoledad.com\/index.php\/2023\/12\/20\/semaforos-de-la-glorieta-juarez-ya-en-operacion\/","title":{"rendered":"Sem\u00e1foros de la Glorieta Ju\u00e1rez ya en operaci\u00f3n\u00a0"},"content":{"rendered":"\n<p>Desde el d\u00eda de ayer, los sem\u00e1foros reci\u00e9n instalados en la glorieta del distribuidor Benito Ju\u00e1rez comenzaron operaciones. De igual manera, durante un tiempo permanecer\u00e1n vigilando oficiales de la Polic\u00eda Vial.&nbsp;<\/p>\n\n\n\n<p>Juan Antonio Villa Guti\u00e9rrez, Secretario de Seguridad, mencion\u00f3 que la presencia de los oficiales es para vigilar la zona en lo que los conductores de familiarizan con la presencia de los sem\u00e1foros. Se espera que estos sem\u00e1foros agilicen el tr\u00e1nsito y permitan una circulaci\u00f3n ordenada.&nbsp;<\/p>\n\n\n\n<p>Los sem\u00e1foros instadlos cuentan con monitoreo las 24 hrs, adem\u00e1s est\u00e1n equipados con un sistema automatizado de video-detectores.&nbsp;<\/p>\n","protected":false},"excerpt":{"rendered":"<p>Desde el d\u00eda de ayer, los sem\u00e1foros reci\u00e9n instalados en la glorieta del distribuidor Benito Ju\u00e1rez comenzaron operaciones. De igual manera, durante un tiempo permanecer\u00e1n vigilando oficiales de la Polic\u00eda Vial.&nbsp; Juan Antonio Villa Guti\u00e9rrez, Secretario de Seguridad, mencion\u00f3 que la presencia de los oficiales es para vigilar la zona en lo que los conductores [&hellip;]<\/p>\n","protected":false},"author":6,"featured_media":7895,"comment_status":"open","ping_status":"open","sticky":false,"template":"","format":"standard","meta":{"footnotes":""},"categories":[30,1],"tags":[1152,294,1153,261,960,958],"class_list":{"0":"post-7894","1":"post","2":"type-post","3":"status-publish","4":"format-standard","5":"has-post-thumbnail","7":"category-de-la-region-centro","8":"category-destacadas","9":"tag-glorieta-juarez","10":"tag-san-luis","11":"tag-semaforos","12":"tag-slp","13":"tag-transito","14":"tag-vialidad"},"_links":{"self":[{"href":"https:\/\/cronicadesoledad.com\/index.php\/wp-json\/wp\/v2\/posts\/7894","targetHints":{"allow":["GET"]}}],"collection":[{"href":"https:\/\/cronicadesoledad.com\/index.php\/wp-json\/wp\/v2\/posts"}],"about":[{"href":"https:\/\/cronicadesoledad.com\/index.php\/wp-json\/wp\/v2\/types\/post"}],"author":[{"embeddable":true,"href":"https:\/\/cronicadesoledad.com\/index.php\/wp-json\/wp\/v2\/users\/6"}],"replies":[{"embeddable":true,"href":"https:\/\/cronicadesoledad.com\/index.php\/wp-json\/wp\/v2\/comments?post=7894"}],"version-history":[{"count":1,"href":"https:\/\/cronicadesoledad.com\/index.php\/wp-json\/wp\/v2\/posts\/7894\/revisions"}],"predecessor-version":[{"id":7896,"href":"https:\/\/cronicadesoledad.com\/index.php\/wp-json\/wp\/v2\/posts\/7894\/revisions\/7896"}],"wp:featuredmedia":[{"embeddable":true,"href":"https:\/\/cronicadesoledad.com\/index.php\/wp-json\/wp\/v2\/media\/7895"}],"wp:attachment":[{"href":"https:\/\/cronicadesoledad.com\/index.php\/wp-json\/wp\/v2\/media?parent=7894"}],"wp:term":[{"taxonomy":"category","embeddable":true,"href":"https:\/\/cronicadesoledad.com\/index.php\/wp-json\/wp\/v2\/categories?post=7894"},{"taxonomy":"post_tag","embeddable":true,"href":"https:\/\/cronicadesoledad.com\/index.php\/wp-json\/wp\/v2\/tags?post=7894"}],"curies":[{"name":"wp","href":"https:\/\/api.w.org\/{rel}","templated":true}]}}