{"id":7904,"date":"2023-12-20T13:25:39","date_gmt":"2023-12-20T19:25:39","guid":{"rendered":"https:\/\/cronicadesoledad.com\/?p=7904"},"modified":"2023-12-20T13:25:40","modified_gmt":"2023-12-20T19:25:40","slug":"la-investigacion-sobre-el-fallecimiento-de-canserbero-es-reabierta","status":"publish","type":"post","link":"https:\/\/cronicadesoledad.com\/index.php\/2023\/12\/20\/la-investigacion-sobre-el-fallecimiento-de-canserbero-es-reabierta\/","title":{"rendered":"La investigaci\u00f3n sobre el fallecimiento de Canserbero es reabierta"},"content":{"rendered":"\n<p>Tirone Jos\u00e9 Gonz\u00e1lez Orama, mejor conocido como Canserbero, es recordado como una leyenda del rap. El rapero murio en el 2015 en circunstancias extra\u00f1as que termin\u00f3 en unaparente suicidio, ahora se sabe que esto no fue as\u00ed y la Fiscal\u00eda de Venezuela reabri\u00f3 la investigaci\u00f3n.<\/p>\n\n\n\n<p>El fiscal general del Ministerio P\u00fablico de Venezuela, Tarek William Saab, dio a conocer en una declaraci\u00f3n televisada el pasado 15 de diciembre que tras la muerte del rapero \u201clas investigaciones fueron mediocremente realizadas\u201d.<\/p>\n\n\n\n<p>El fiscal general destac\u00f3 que una nueva investigaci\u00f3n arroj\u00f3 como resultado que Canserbero fue \u201capu\u00f1alado antes de caer\u201d al vac\u00edo y que adem\u00e1s \u201crecibi\u00f3 al menos un golpe con un&nbsp;objeto&nbsp;contundente que no se corresponde con el lado en el que su cuerpo cay\u00f3\u201d.<\/p>\n\n\n\n<p>Tarek inform\u00f3 que en la muerte de Cancerbero podr\u00edan estar involucrados al menos seis personas, pero los principales sospechosos son Natalia Am\u00e9stica (esposa del manager de Tarino) y Guillermo Am\u00e9stica (hermano de Natalia), los dos hermanos se les imputa por los delitos de \u201chomicidio calificado por motivos f\u00fatiles y con alevos\u00eda en grado de complicidad\u201d y \u201csimulaci\u00f3n de hecho punible\u201d, por lo cual han solicitado \u00f3rdenes de captura.<\/p>\n\n\n\n<p>Con informaci\u00f3n de C\u00f3digo San Luis. <\/p>\n","protected":false},"excerpt":{"rendered":"<p>Tirone Jos\u00e9 Gonz\u00e1lez Orama, mejor conocido como Canserbero, es recordado como una leyenda del rap. El rapero murio en el 2015 en circunstancias extra\u00f1as que termin\u00f3 en unaparente suicidio, ahora se sabe que esto no fue as\u00ed y la Fiscal\u00eda de Venezuela reabri\u00f3 la investigaci\u00f3n. El fiscal general del Ministerio P\u00fablico de Venezuela, Tarek William [&hellip;]<\/p>\n","protected":false},"author":6,"featured_media":7905,"comment_status":"open","ping_status":"open","sticky":false,"template":"","format":"standard","meta":{"footnotes":""},"categories":[1,24],"tags":[1154,414,288],"class_list":{"0":"post-7904","1":"post","2":"type-post","3":"status-publish","4":"format-standard","5":"has-post-thumbnail","7":"category-destacadas","8":"category-informacion-general","9":"tag-canserbero","10":"tag-espectaculos","11":"tag-internacional"},"_links":{"self":[{"href":"https:\/\/cronicadesoledad.com\/index.php\/wp-json\/wp\/v2\/posts\/7904","targetHints":{"allow":["GET"]}}],"collection":[{"href":"https:\/\/cronicadesoledad.com\/index.php\/wp-json\/wp\/v2\/posts"}],"about":[{"href":"https:\/\/cronicadesoledad.com\/index.php\/wp-json\/wp\/v2\/types\/post"}],"author":[{"embeddable":true,"href":"https:\/\/cronicadesoledad.com\/index.php\/wp-json\/wp\/v2\/users\/6"}],"replies":[{"embeddable":true,"href":"https:\/\/cronicadesoledad.com\/index.php\/wp-json\/wp\/v2\/comments?post=7904"}],"version-history":[{"count":1,"href":"https:\/\/cronicadesoledad.com\/index.php\/wp-json\/wp\/v2\/posts\/7904\/revisions"}],"predecessor-version":[{"id":7906,"href":"https:\/\/cronicadesoledad.com\/index.php\/wp-json\/wp\/v2\/posts\/7904\/revisions\/7906"}],"wp:featuredmedia":[{"embeddable":true,"href":"https:\/\/cronicadesoledad.com\/index.php\/wp-json\/wp\/v2\/media\/7905"}],"wp:attachment":[{"href":"https:\/\/cronicadesoledad.com\/index.php\/wp-json\/wp\/v2\/media?parent=7904"}],"wp:term":[{"taxonomy":"category","embeddable":true,"href":"https:\/\/cronicadesoledad.com\/index.php\/wp-json\/wp\/v2\/categories?post=7904"},{"taxonomy":"post_tag","embeddable":true,"href":"https:\/\/cronicadesoledad.com\/index.php\/wp-json\/wp\/v2\/tags?post=7904"}],"curies":[{"name":"wp","href":"https:\/\/api.w.org\/{rel}","templated":true}]}}