{"id":7940,"date":"2023-12-21T12:42:28","date_gmt":"2023-12-21T18:42:28","guid":{"rendered":"https:\/\/cronicadesoledad.com\/?p=7940"},"modified":"2023-12-21T12:42:28","modified_gmt":"2023-12-21T18:42:28","slug":"ya-se-sabe-que-paso-en-guanajuato","status":"publish","type":"post","link":"https:\/\/cronicadesoledad.com\/index.php\/2023\/12\/21\/ya-se-sabe-que-paso-en-guanajuato\/","title":{"rendered":"\u00bfYa se sabe qu\u00e9 pas\u00f3 en Guanajuato?"},"content":{"rendered":"\n<p>La Fiscalia de Guanajuato present\u00f3 hip\u00f3tesis sobre esta masacre. <\/p>\n\n\n\n<p>La Fiscal\u00eda del Estado de Guanajuato ha divulgado una primera hip\u00f3tesis sobre el tr\u00e1gico incidente que ocurri\u00f3 en una posada en Salvatierra, revelando detalles sobre el ataque que dej\u00f3 11 personas sin vida y 14 heridas.<\/p>\n\n\n\n<p>Contrario a lo mencionado inicialmente por el presidente Andr\u00e9s Manuel L\u00f3pez Obrador sobre una posible conexi\u00f3n con el narcotr\u00e1fico, la Fiscal\u00eda guanajuatense desech\u00f3 esa l\u00ednea de investigaci\u00f3n. Seg\u00fan el comunicado emitido recientemente, el suceso ocurri\u00f3 cuando un grupo de personas intent\u00f3 ingresar a la fiesta, siendo rechazados por los asistentes. En represalia, este grupo regres\u00f3 acompa\u00f1ado por otros individuos armados, desatando el tiroteo.<\/p>\n\n\n\n<p>\u00abUn grupo de personas llegaron al lugar de la convivencia, y varios de los asistentes les pidieron que se retiraran. Posteriormente, regresaron con otro grupo portando armas de fuego, comenzando entonces a disparar contra los presentes\u00bb, se\u00f1al\u00f3 la Fiscal\u00eda de Guanajuato en su comunicado difundido en redes.<\/p>\n\n\n\n<p>La investigaci\u00f3n inicial tambi\u00e9n revel\u00f3 datos impactantes: en el \u00e1rea donde se llevaba a cabo la posada, se recuperaron 195 elementos bal\u00edsticos de diversas armas largas, indicando la magnitud de la violencia empleada en el ataque.<\/p>\n\n\n\n<p>La Fiscal\u00eda inform\u00f3 haber recabado alrededor de 35 testimonios para respaldar esta hip\u00f3tesis, la cual ya hab\u00eda sido divulgada por medios poco despu\u00e9s del tr\u00e1gico suceso. De esta manera, la autoridad se centra ahora en identificar a los responsables de este lamentable hecho y, al mismo tiempo, en explicar c\u00f3mo grupos armados pueden actuar con impunidad en la regi\u00f3n.<\/p>\n\n\n\n<p>El esclarecimiento de este ataque ha generado indignaci\u00f3n y preocupaci\u00f3n en diversos sectores, incluyendo a pol\u00edticos y funcionarios, quienes demandan acciones contundentes por parte de las autoridades para evitar la repetici\u00f3n de este tipo de sucesos violentos. Las expectativas y la presi\u00f3n sobre la Fiscal\u00eda de Guanajuato se mantienen altas, esperando respuestas claras y acciones efectivas ante este crudo panorama de violencia en la entidad.<\/p>\n\n\n\n<p>Con informaci\u00f3n de C\u00f3digo San Luis. <\/p>\n","protected":false},"excerpt":{"rendered":"<p>La Fiscalia de Guanajuato present\u00f3 hip\u00f3tesis sobre esta masacre. La Fiscal\u00eda del Estado de Guanajuato ha divulgado una primera hip\u00f3tesis sobre el tr\u00e1gico incidente que ocurri\u00f3 en una posada en Salvatierra, revelando detalles sobre el ataque que dej\u00f3 11 personas sin vida y 14 heridas. Contrario a lo mencionado inicialmente por el presidente Andr\u00e9s Manuel [&hellip;]<\/p>\n","protected":false},"author":6,"featured_media":7941,"comment_status":"open","ping_status":"open","sticky":false,"template":"","format":"standard","meta":{"footnotes":""},"categories":[1,24],"tags":[1178,1175,1177,287,1176],"class_list":{"0":"post-7940","1":"post","2":"type-post","3":"status-publish","4":"format-standard","5":"has-post-thumbnail","7":"category-destacadas","8":"category-informacion-general","9":"tag-crimen-organizado","10":"tag-guanajuato","11":"tag-masacre-en-salvatierra","12":"tag-nacional","13":"tag-salvatierra"},"_links":{"self":[{"href":"https:\/\/cronicadesoledad.com\/index.php\/wp-json\/wp\/v2\/posts\/7940","targetHints":{"allow":["GET"]}}],"collection":[{"href":"https:\/\/cronicadesoledad.com\/index.php\/wp-json\/wp\/v2\/posts"}],"about":[{"href":"https:\/\/cronicadesoledad.com\/index.php\/wp-json\/wp\/v2\/types\/post"}],"author":[{"embeddable":true,"href":"https:\/\/cronicadesoledad.com\/index.php\/wp-json\/wp\/v2\/users\/6"}],"replies":[{"embeddable":true,"href":"https:\/\/cronicadesoledad.com\/index.php\/wp-json\/wp\/v2\/comments?post=7940"}],"version-history":[{"count":1,"href":"https:\/\/cronicadesoledad.com\/index.php\/wp-json\/wp\/v2\/posts\/7940\/revisions"}],"predecessor-version":[{"id":7942,"href":"https:\/\/cronicadesoledad.com\/index.php\/wp-json\/wp\/v2\/posts\/7940\/revisions\/7942"}],"wp:featuredmedia":[{"embeddable":true,"href":"https:\/\/cronicadesoledad.com\/index.php\/wp-json\/wp\/v2\/media\/7941"}],"wp:attachment":[{"href":"https:\/\/cronicadesoledad.com\/index.php\/wp-json\/wp\/v2\/media?parent=7940"}],"wp:term":[{"taxonomy":"category","embeddable":true,"href":"https:\/\/cronicadesoledad.com\/index.php\/wp-json\/wp\/v2\/categories?post=7940"},{"taxonomy":"post_tag","embeddable":true,"href":"https:\/\/cronicadesoledad.com\/index.php\/wp-json\/wp\/v2\/tags?post=7940"}],"curies":[{"name":"wp","href":"https:\/\/api.w.org\/{rel}","templated":true}]}}