{"id":7991,"date":"2023-12-22T19:00:00","date_gmt":"2023-12-23T01:00:00","guid":{"rendered":"https:\/\/cronicadesoledad.com\/?p=7991"},"modified":"2023-12-22T19:55:57","modified_gmt":"2023-12-23T01:55:57","slug":"reconocen-a-policias-soledenses-por-su-labor-y-valentia","status":"publish","type":"post","link":"https:\/\/cronicadesoledad.com\/index.php\/2023\/12\/22\/reconocen-a-policias-soledenses-por-su-labor-y-valentia\/","title":{"rendered":"Reconocen a polic\u00edas soledenses por su labor y valent\u00eda"},"content":{"rendered":"\n<p>Una labor de vocaci\u00f3n y total servicio a la ciudadan\u00eda y que de por medio est\u00e1 la integridad e incluso la vida, es el trabajo del polic\u00eda, por ello en el marco del festejo del &#8220;D\u00eda del Polic\u00eda&#8221; fueron celebrados y reconocidos las y los oficiales de Seguridad P\u00fablica de Soledad de Graciano S\u00e1nchez por la Alcaldesa, Leonor Noyola Cervantes, quien destac\u00f3 su trabajo, labor y aportaci\u00f3n para mantener la paz en el municipio.<\/p>\n\n\n\n<p>En el evento estuvieron presentes el Secretario General del Ayuntamiento, Ernesto Jes\u00fas Barajas \u00c1brego; la contralora municipal, Mariana S\u00e1nchez Mart\u00ednez; el Oficial Mayor, Alejandro Serrano Cort\u00e9s; el titular de la Guardia Civil Estatal, Jes\u00fas Ju\u00e1rez Hern\u00e1ndez, el responsable de la Polic\u00eda de Investigaci\u00f3n (PDI), Mart\u00edn Serrano G\u00f3mez, y representes de la Guardia Nacional, la Secretar\u00eda de la Defensa Nacional (SEDENA), Gobierno del Estado y de la Direcci\u00f3n General de Seguridad P\u00fablica Municipal.<\/p>\n\n\n\n<p>La Presidenta Municipal agradeci\u00f3 el acompa\u00f1amiento de las autoridades de los tres niveles de gobierno, y dedic\u00f3 unas palabras a sus polic\u00edas municipales a quienes agradeci\u00f3 la dedicaci\u00f3n y sacrificio que llevan a cabo en su labor diaria, en la que ponen de por medio su propia vida e integridad, adem\u00e1s record\u00f3 y homenaje\u00f3 a los oficiales que ya no est\u00e1n presentes, pero que siempre ser\u00e1n recordados con cari\u00f1o por su entrega y dedicaci\u00f3n.<\/p>\n\n\n\n<p>&#8220;Felicidades todas y todos los polic\u00edas de Soledad, gracias por su compromiso y entrega, tambi\u00e9n felicito a los que nos acompa\u00f1an en esp\u00edritu y que lo dieron todo en el cumpliendo de su deber, los invit\u00f3 a que contin\u00faen trabajando como hasta ahora, aqu\u00ed tenemos polic\u00edas de verdad que dan el todo por el todo, y durante mi administraci\u00f3n cuentan con una amiga que les reconoce, y felicidades tambi\u00e9n a sus familias que cuentan con un h\u00e9roe o hero\u00edna&#8221;, dijo la jefa del Gobierno de Soledad.<\/p>\n\n\n\n<p>Por su parte, el Comisario H\u00e9ctor Edgar Mar del \u00c1ngel, titular de Seguridad P\u00fablica Municipal tambi\u00e9n brind\u00f3 un mensaje a todo el personal de la corporaci\u00f3n municipal, en el que los motiv\u00f3 a continuar con su trabajo de manera responsable y servicial hacia la ciudadan\u00eda, todo bajo el lema de su exhorto de &#8220;Honor, Lealtad y Honradez&#8221;.<\/p>\n\n\n\n<p>&#8220;Muchas felicidades a todos compa\u00f1eros, el D\u00eda del Polic\u00eda no solo es hoy, sino diario, al portar el uniforme llevan una gran responsabilidad la cual han cumplido, ustedes son h\u00e9roes sin capa que sacrifican el tiempo con seres queridos para entregar a la ciudadan\u00eda un ambiente de paz tranquilidad, los invito a continuar con esa labor dedicada, a sus familias tambi\u00e9n agradezco y les recuerdo que ustedes son la motivaci\u00f3n principal para nosotros, para entregar una mejor sociedad a trav\u00e9s de nuestro trabajo&#8221;, expuso el mando municipal.<\/p>\n\n\n\n<p>Finalmente, las autoridades encabezadas por la Alcaldesa Leonor Noyola, hicieron entrega de reconocimientos al m\u00e9rito policial, preparaci\u00f3n y a\u00f1os de servicio, que tambi\u00e9n dieron a familiares de oficiales que cayeron en el cumplimiento de su deber.<\/p>\n\n\n\n<p>Tambi\u00e9n se ofreci\u00f3 un desayuno para las familias de las y los agentes, regalos por parte de la administraci\u00f3n entre los que destacan motocicletas; y para las y los hijos de los polic\u00edas sorpresas y juegos mec\u00e1nicos.<\/p>\n","protected":false},"excerpt":{"rendered":"<p>Una labor de vocaci\u00f3n y total servicio a la ciudadan\u00eda y que de por medio est\u00e1 la integridad e incluso la vida, es el trabajo del polic\u00eda, por ello en el marco del festejo del &#8220;D\u00eda del Polic\u00eda&#8221; fueron celebrados y reconocidos las y los oficiales de Seguridad P\u00fablica de Soledad de Graciano S\u00e1nchez por [&hellip;]<\/p>\n","protected":false},"author":2,"featured_media":7992,"comment_status":"open","ping_status":"open","sticky":false,"template":"","format":"standard","meta":{"footnotes":""},"categories":[1,24,19,21],"tags":[81,223,1203,29,1204,294,276,261,27],"class_list":{"0":"post-7991","1":"post","2":"type-post","3":"status-publish","4":"format-standard","5":"has-post-thumbnail","7":"category-destacadas","8":"category-informacion-general","9":"category-seguridad","10":"category-tu-soledad","11":"tag-alcaldesa-soledense","12":"tag-ayuntamiento-soledense","13":"tag-dia-del-policia","14":"tag-leonor-noyola","15":"tag-policias","16":"tag-san-luis","17":"tag-seguridad","18":"tag-slp","19":"tag-soledad"},"_links":{"self":[{"href":"https:\/\/cronicadesoledad.com\/index.php\/wp-json\/wp\/v2\/posts\/7991","targetHints":{"allow":["GET"]}}],"collection":[{"href":"https:\/\/cronicadesoledad.com\/index.php\/wp-json\/wp\/v2\/posts"}],"about":[{"href":"https:\/\/cronicadesoledad.com\/index.php\/wp-json\/wp\/v2\/types\/post"}],"author":[{"embeddable":true,"href":"https:\/\/cronicadesoledad.com\/index.php\/wp-json\/wp\/v2\/users\/2"}],"replies":[{"embeddable":true,"href":"https:\/\/cronicadesoledad.com\/index.php\/wp-json\/wp\/v2\/comments?post=7991"}],"version-history":[{"count":1,"href":"https:\/\/cronicadesoledad.com\/index.php\/wp-json\/wp\/v2\/posts\/7991\/revisions"}],"predecessor-version":[{"id":7993,"href":"https:\/\/cronicadesoledad.com\/index.php\/wp-json\/wp\/v2\/posts\/7991\/revisions\/7993"}],"wp:featuredmedia":[{"embeddable":true,"href":"https:\/\/cronicadesoledad.com\/index.php\/wp-json\/wp\/v2\/media\/7992"}],"wp:attachment":[{"href":"https:\/\/cronicadesoledad.com\/index.php\/wp-json\/wp\/v2\/media?parent=7991"}],"wp:term":[{"taxonomy":"category","embeddable":true,"href":"https:\/\/cronicadesoledad.com\/index.php\/wp-json\/wp\/v2\/categories?post=7991"},{"taxonomy":"post_tag","embeddable":true,"href":"https:\/\/cronicadesoledad.com\/index.php\/wp-json\/wp\/v2\/tags?post=7991"}],"curies":[{"name":"wp","href":"https:\/\/api.w.org\/{rel}","templated":true}]}}