{"id":7994,"date":"2023-12-22T20:00:00","date_gmt":"2023-12-23T02:00:00","guid":{"rendered":"https:\/\/cronicadesoledad.com\/?p=7994"},"modified":"2023-12-22T20:01:43","modified_gmt":"2023-12-23T02:01:43","slug":"habra-mercadito-de-emprendedores-soledenses-este-fin-de-semana-navideno","status":"publish","type":"post","link":"https:\/\/cronicadesoledad.com\/index.php\/2023\/12\/22\/habra-mercadito-de-emprendedores-soledenses-este-fin-de-semana-navideno\/","title":{"rendered":"Habr\u00e1 mercadito de emprendedores soledenses este fin de semana navide\u00f1o"},"content":{"rendered":"\n<p>En una acci\u00f3n que tiene como objetivo apoyar a las y los emprendedores locales, el Ayuntamiento de Soledad de Graciano S\u00e1nchez invita a toda la ciudadan\u00eda en general al Mercadito Navide\u00f1o que se llevar\u00e1 a cabo en el parque Tangamanga I; este evento ha estado disponible para el p\u00fablico todos los fines de semana del mes, brindando una experiencia \u00fanica de compras navide\u00f1as.<\/p>\n\n\n\n<p>F\u00e9lix Gerardo Herrera Ortega, director de la Direcci\u00f3n de Fomento Econ\u00f3mico, detall\u00f3 que el pr\u00f3ximo s\u00e1bado 23 de diciembre, el Mercadito estar\u00e1 abierto desde las 10 de la ma\u00f1ana hasta las 8 de la noche, y el domingo 24 de diciembre, estar\u00e1 abierto de 10 de la ma\u00f1ana a 7 de la noche; estos horarios extendidos permiten que todos tengan la oportunidad de visitar y disfrutar de este maravilloso evento.<\/p>\n\n\n\n<p>Extern\u00f3 que en este Mercadito participan m\u00e1s de 100 emprender\u00e1s y emprendedores provenientes tanto de Soledad como de la capital potosina; estos talentosos comerciantes ofrecen una amplia variedad de productos, que van desde productos de uso duradero hasta art\u00edculos artesanales, ropa y una gran selecci\u00f3n de comida.<\/p>\n\n\n\n<p>Asimismo, expres\u00f3 el Ayuntamiento ha colaborado estrechamente con las y los emprendedores para asegurarse de que tengan todas las facilidades necesarias para su instalaci\u00f3n. Indic\u00f3 que, con esta iniciativa, el Ayuntamiento busca fomentar el crecimiento econ\u00f3mico y apoyar a los emprendedores locales, quienes desempe\u00f1an un papel fundamental en la econom\u00eda del municipio.<\/p>\n","protected":false},"excerpt":{"rendered":"<p>En una acci\u00f3n que tiene como objetivo apoyar a las y los emprendedores locales, el Ayuntamiento de Soledad de Graciano S\u00e1nchez invita a toda la ciudadan\u00eda en general al Mercadito Navide\u00f1o que se llevar\u00e1 a cabo en el parque Tangamanga I; este evento ha estado disponible para el p\u00fablico todos los fines de semana del [&hellip;]<\/p>\n","protected":false},"author":2,"featured_media":7995,"comment_status":"open","ping_status":"open","sticky":false,"template":"","format":"standard","meta":{"footnotes":""},"categories":[24,21],"tags":[223,1206,1205,167,712,294,261,27],"class_list":{"0":"post-7994","1":"post","2":"type-post","3":"status-publish","4":"format-standard","5":"has-post-thumbnail","7":"category-informacion-general","8":"category-tu-soledad","9":"tag-ayuntamiento-soledense","10":"tag-emprendedores","11":"tag-mercadito","12":"tag-mercadito-de-emprendedores","13":"tag-navidad","14":"tag-san-luis","15":"tag-slp","16":"tag-soledad"},"_links":{"self":[{"href":"https:\/\/cronicadesoledad.com\/index.php\/wp-json\/wp\/v2\/posts\/7994","targetHints":{"allow":["GET"]}}],"collection":[{"href":"https:\/\/cronicadesoledad.com\/index.php\/wp-json\/wp\/v2\/posts"}],"about":[{"href":"https:\/\/cronicadesoledad.com\/index.php\/wp-json\/wp\/v2\/types\/post"}],"author":[{"embeddable":true,"href":"https:\/\/cronicadesoledad.com\/index.php\/wp-json\/wp\/v2\/users\/2"}],"replies":[{"embeddable":true,"href":"https:\/\/cronicadesoledad.com\/index.php\/wp-json\/wp\/v2\/comments?post=7994"}],"version-history":[{"count":1,"href":"https:\/\/cronicadesoledad.com\/index.php\/wp-json\/wp\/v2\/posts\/7994\/revisions"}],"predecessor-version":[{"id":7996,"href":"https:\/\/cronicadesoledad.com\/index.php\/wp-json\/wp\/v2\/posts\/7994\/revisions\/7996"}],"wp:featuredmedia":[{"embeddable":true,"href":"https:\/\/cronicadesoledad.com\/index.php\/wp-json\/wp\/v2\/media\/7995"}],"wp:attachment":[{"href":"https:\/\/cronicadesoledad.com\/index.php\/wp-json\/wp\/v2\/media?parent=7994"}],"wp:term":[{"taxonomy":"category","embeddable":true,"href":"https:\/\/cronicadesoledad.com\/index.php\/wp-json\/wp\/v2\/categories?post=7994"},{"taxonomy":"post_tag","embeddable":true,"href":"https:\/\/cronicadesoledad.com\/index.php\/wp-json\/wp\/v2\/tags?post=7994"}],"curies":[{"name":"wp","href":"https:\/\/api.w.org\/{rel}","templated":true}]}}