{"id":8035,"date":"2023-12-25T19:00:00","date_gmt":"2023-12-26T01:00:00","guid":{"rendered":"https:\/\/cronicadesoledad.com\/?p=8035"},"modified":"2023-12-25T21:27:57","modified_gmt":"2023-12-26T03:27:57","slug":"cierre-de-ano-con-excelentes-resultados-para-los-soledenses","status":"publish","type":"post","link":"https:\/\/cronicadesoledad.com\/index.php\/2023\/12\/25\/cierre-de-ano-con-excelentes-resultados-para-los-soledenses\/","title":{"rendered":"Cierre de a\u00f1o, con excelentes resultados para los soledenses"},"content":{"rendered":"\n<p>A lo largo del a\u00f1o 2023, el Ayuntamiento de Soledad de Graciano S\u00e1nchez consigui\u00f3 logros importantes y destacables en materia de servicios p\u00fablicos esenciales, programas sociales, seguridad y paz, desarrollo econ\u00f3mico, y, sobre todo, en la construcci\u00f3n de nueva infraestructura urbana, destac\u00f3 el secretario General, Ernesto Jes\u00fas Barajas \u00c1brego.<\/p>\n\n\n\n<p>El funcionario subray\u00f3 que, en este a\u00f1o, destaca la consolidaci\u00f3n de proyectos de pavimentaci\u00f3n en diversas colonias y comunidades, entre ellas, toda la zona de Rivas Guill\u00e9n y aleda\u00f1os, en donde pr\u00e1cticamente se reconstruyeron todas las calles. Otra obra magna es la edificaci\u00f3n de la nueva Unidad Administrativa Municipal en la avenida San Pedro, la cual concentrar\u00e1 la totalidad de oficinas en instalaciones de primer nivel para la atenci\u00f3n ciudadana.<\/p>\n\n\n\n<p>Explic\u00f3 que hay rehabilitaciones integrales que hoy dan nueva imagen urbana y mejor calidad de vida a las familias, entre estas, El M\u00e1rquez, Pav\u00f3n; San Jorge que est\u00e1 en proceso y que ser\u00e1 inaugurada pr\u00f3ximamente; adem\u00e1s de \u00c1reas Recreativas que representan para las familias enteras espacios para su desarrollo l\u00fadico y recreativo. En este a\u00f1o 2023, se entreg\u00f3 e inici\u00f3 un sinf\u00edn de obra p\u00fablica que represent\u00f3 la inversi\u00f3n de m\u00e1s de 800 millones de pesos en conjunto con el Gobierno del Estado.<\/p>\n\n\n\n<p>Al respecto, dijo que el a\u00f1o 2024 traer\u00e1 para las y los soledenses paquetes de infraestructura nueva y que por mucho tiempo hab\u00edan esperado, misma que estar\u00e1 respaldada por el Gobernador, Ricardo Gallardo Cardona, a trav\u00e9s de dependencias como la Secretar\u00eda de Desarrollo Urbano, Vivienda y Obra P\u00fablica, as\u00ed como de la Secretar\u00eda de Educaci\u00f3n para beneficio de m\u00e1s planteles educativos.<\/p>\n\n\n\n<p>Destac\u00f3 la eficiencia de los servicios p\u00fablicos b\u00e1sicos a la ciudadan\u00eda, a trav\u00e9s de mecanismos correctos de efectividad, tanto operativos como administrativos, lo cual permiti\u00f3 que Soledad de Graciano S\u00e1nchez fuera considerado por el Gobierno de M\u00e9xico, como el municipio de mayor avance en el Estado potosino en el cumplimiento de la Gu\u00eda Consultiva de Desempe\u00f1o Municipal, con un 95.1 por ciento; reconocimiento que refleja el trabajo del Ayuntamiento soledense, en cada una de sus dependencias.<\/p>\n\n\n\n<p>Los programas sociales son otra acci\u00f3n que este Gobierno municipal ha consolidado a trav\u00e9s de los a\u00f1os, gracias al compromiso de anteriores administraciones, lo cual ha contribuido al bienestar social y atenci\u00f3n de las demandas de la poblaci\u00f3n, manifest\u00f3.<\/p>\n\n\n\n<p>\u201cHa sido un a\u00f1o de excelentes logros en todos los rubros, se han logrado temas importantes dentro de la administraci\u00f3n, hemos estado vigente en diferentes \u00e1reas, y debemos agradecer la coordinaci\u00f3n con el Gobierno Estatal que ha permitido generar avances sin precedentes y que nunca antes se hab\u00eda hecho\u201d, finaliz\u00f3.<\/p>\n","protected":false},"excerpt":{"rendered":"<p>A lo largo del a\u00f1o 2023, el Ayuntamiento de Soledad de Graciano S\u00e1nchez consigui\u00f3 logros importantes y destacables en materia de servicios p\u00fablicos esenciales, programas sociales, seguridad y paz, desarrollo econ\u00f3mico, y, sobre todo, en la construcci\u00f3n de nueva infraestructura urbana, destac\u00f3 el secretario General, Ernesto Jes\u00fas Barajas \u00c1brego. El funcionario subray\u00f3 que, en este [&hellip;]<\/p>\n","protected":false},"author":2,"featured_media":8036,"comment_status":"open","ping_status":"open","sticky":false,"template":"","format":"standard","meta":{"footnotes":""},"categories":[1,24,21],"tags":[81,1148,223,1219,1158,29,712,1160,294,261,27],"class_list":{"0":"post-8035","1":"post","2":"type-post","3":"status-publish","4":"format-standard","5":"has-post-thumbnail","7":"category-destacadas","8":"category-informacion-general","9":"category-tu-soledad","10":"tag-alcaldesa-soledense","11":"tag-ano-nuevo","12":"tag-ayuntamiento-soledense","13":"tag-cierre-de-ano","14":"tag-gobierno-del-estado","15":"tag-leonor-noyola","16":"tag-navidad","17":"tag-ricardo-gallardo-cardona","18":"tag-san-luis","19":"tag-slp","20":"tag-soledad"},"_links":{"self":[{"href":"https:\/\/cronicadesoledad.com\/index.php\/wp-json\/wp\/v2\/posts\/8035","targetHints":{"allow":["GET"]}}],"collection":[{"href":"https:\/\/cronicadesoledad.com\/index.php\/wp-json\/wp\/v2\/posts"}],"about":[{"href":"https:\/\/cronicadesoledad.com\/index.php\/wp-json\/wp\/v2\/types\/post"}],"author":[{"embeddable":true,"href":"https:\/\/cronicadesoledad.com\/index.php\/wp-json\/wp\/v2\/users\/2"}],"replies":[{"embeddable":true,"href":"https:\/\/cronicadesoledad.com\/index.php\/wp-json\/wp\/v2\/comments?post=8035"}],"version-history":[{"count":1,"href":"https:\/\/cronicadesoledad.com\/index.php\/wp-json\/wp\/v2\/posts\/8035\/revisions"}],"predecessor-version":[{"id":8037,"href":"https:\/\/cronicadesoledad.com\/index.php\/wp-json\/wp\/v2\/posts\/8035\/revisions\/8037"}],"wp:featuredmedia":[{"embeddable":true,"href":"https:\/\/cronicadesoledad.com\/index.php\/wp-json\/wp\/v2\/media\/8036"}],"wp:attachment":[{"href":"https:\/\/cronicadesoledad.com\/index.php\/wp-json\/wp\/v2\/media?parent=8035"}],"wp:term":[{"taxonomy":"category","embeddable":true,"href":"https:\/\/cronicadesoledad.com\/index.php\/wp-json\/wp\/v2\/categories?post=8035"},{"taxonomy":"post_tag","embeddable":true,"href":"https:\/\/cronicadesoledad.com\/index.php\/wp-json\/wp\/v2\/tags?post=8035"}],"curies":[{"name":"wp","href":"https:\/\/api.w.org\/{rel}","templated":true}]}}