{"id":8045,"date":"2023-12-26T11:36:45","date_gmt":"2023-12-26T17:36:45","guid":{"rendered":"https:\/\/cronicadesoledad.com\/?p=8045"},"modified":"2023-12-26T11:36:45","modified_gmt":"2023-12-26T17:36:45","slug":"buscara-galindo-la-reeleccion","status":"publish","type":"post","link":"https:\/\/cronicadesoledad.com\/index.php\/2023\/12\/26\/buscara-galindo-la-reeleccion\/","title":{"rendered":"Buscar\u00e1 Galindo la reelecci\u00f3n"},"content":{"rendered":"\n<p>El alcalde de la capital, Enrique Galindo Ceballos, ha confirmado p\u00fablicamente su intenci\u00f3n de buscar la reelecci\u00f3n en el pr\u00f3ximo proceso electoral. Galindo expres\u00f3 su deseo de continuar liderando la ciudad, siempre y cuando la ciudadan\u00eda lo respalde. \u201cYo quiero continuar en la ciudad, si la gente quiere, voy a enfocarme a esto de la ciudad\u201d, manifest\u00f3.<\/p>\n\n\n\n<p>Galindo destac\u00f3 \u201cVialidades Potosinas\u201d como su proyecto principal, asegurando que ha sido bien recibido y ha logrado romper r\u00e9cords, transformando la capital de manera integral.&nbsp;<\/p>\n\n\n\n<p>De igual manera, el alcalde reconoci\u00f3 los festivales que han enriquecido la vida cultural de San Luis, afirmando que merecen tener continuidad en beneficio de la comunidad.<\/p>\n\n\n\n<p>Galindo Ceballos resalt\u00f3 su compromiso con el desarrollo de la ciudad y la satisfacci\u00f3n de las necesidades de los habitantes.&nbsp;<\/p>\n\n\n\n<p>Asegur\u00f3 que su propuesta de reelecci\u00f3n se fundamenta en la idea de dar continuidad a proyectos exitosos, as\u00ed como a mantener el impulso positivo que ha experimentado la capital bajo su liderazgo.<\/p>\n","protected":false},"excerpt":{"rendered":"<p>El alcalde de la capital, Enrique Galindo Ceballos, ha confirmado p\u00fablicamente su intenci\u00f3n de buscar la reelecci\u00f3n en el pr\u00f3ximo proceso electoral. Galindo expres\u00f3 su deseo de continuar liderando la ciudad, siempre y cuando la ciudadan\u00eda lo respalde. \u201cYo quiero continuar en la ciudad, si la gente quiere, voy a enfocarme a esto de la [&hellip;]<\/p>\n","protected":false},"author":6,"featured_media":8046,"comment_status":"open","ping_status":"open","sticky":false,"template":"","format":"standard","meta":{"footnotes":""},"categories":[30,1],"tags":[1079,1064,1189,294,261],"class_list":{"0":"post-8045","1":"post","2":"type-post","3":"status-publish","4":"format-standard","5":"has-post-thumbnail","7":"category-de-la-region-centro","8":"category-destacadas","9":"tag-de-la-region-centro","10":"tag-enrique-galindo","11":"tag-reeleccion","12":"tag-san-luis","13":"tag-slp"},"_links":{"self":[{"href":"https:\/\/cronicadesoledad.com\/index.php\/wp-json\/wp\/v2\/posts\/8045","targetHints":{"allow":["GET"]}}],"collection":[{"href":"https:\/\/cronicadesoledad.com\/index.php\/wp-json\/wp\/v2\/posts"}],"about":[{"href":"https:\/\/cronicadesoledad.com\/index.php\/wp-json\/wp\/v2\/types\/post"}],"author":[{"embeddable":true,"href":"https:\/\/cronicadesoledad.com\/index.php\/wp-json\/wp\/v2\/users\/6"}],"replies":[{"embeddable":true,"href":"https:\/\/cronicadesoledad.com\/index.php\/wp-json\/wp\/v2\/comments?post=8045"}],"version-history":[{"count":1,"href":"https:\/\/cronicadesoledad.com\/index.php\/wp-json\/wp\/v2\/posts\/8045\/revisions"}],"predecessor-version":[{"id":8047,"href":"https:\/\/cronicadesoledad.com\/index.php\/wp-json\/wp\/v2\/posts\/8045\/revisions\/8047"}],"wp:featuredmedia":[{"embeddable":true,"href":"https:\/\/cronicadesoledad.com\/index.php\/wp-json\/wp\/v2\/media\/8046"}],"wp:attachment":[{"href":"https:\/\/cronicadesoledad.com\/index.php\/wp-json\/wp\/v2\/media?parent=8045"}],"wp:term":[{"taxonomy":"category","embeddable":true,"href":"https:\/\/cronicadesoledad.com\/index.php\/wp-json\/wp\/v2\/categories?post=8045"},{"taxonomy":"post_tag","embeddable":true,"href":"https:\/\/cronicadesoledad.com\/index.php\/wp-json\/wp\/v2\/tags?post=8045"}],"curies":[{"name":"wp","href":"https:\/\/api.w.org\/{rel}","templated":true}]}}