{"id":8052,"date":"2023-12-26T11:53:38","date_gmt":"2023-12-26T17:53:38","guid":{"rendered":"https:\/\/cronicadesoledad.com\/?p=8052"},"modified":"2023-12-26T11:53:40","modified_gmt":"2023-12-26T17:53:40","slug":"tribunal-retoma-amparo-contra-municipalizacion-de-pozos","status":"publish","type":"post","link":"https:\/\/cronicadesoledad.com\/index.php\/2023\/12\/26\/tribunal-retoma-amparo-contra-municipalizacion-de-pozos\/","title":{"rendered":"Tribunal retoma amparo contra municipalizaci\u00f3n de Pozos"},"content":{"rendered":"\n<p>Un amparo contra la municipalizaci\u00f3n de Villa de Pozos que en primera instancia hab\u00eda sido desechado, fue retomado por el Primer Tribunal Colegiado en Materias Civil y Administrativa.<\/p>\n\n\n\n<p>La suspensi\u00f3n se dio el 14 de diciembre, luego de que fue admitido el amparo 1298\/2023 en contra del Congreso del Estado por un \u201cproceso irregular\u201d para la creaci\u00f3n del nuevo municipio, desde la admisi\u00f3n de la solicitud, el seguimiento, el turno y todas aquellas acciones y consecuencias que se desprenden de ello.<\/p>\n\n\n\n<p>Este amparo fue promovido y desechado el pasado mes de septiembre, por lo que el 28 de ese mismo mes se interpuso un recurso de queja en contra de dicha resoluci\u00f3n; debido a esto, el Primer Tribunal Colegiado en Materias Civil y Administrativa emiti\u00f3 un fallo a su favor el pasado 30 de noviembre.<\/p>\n\n\n\n<p>La audiencia incidental para el desahogo de pruebas est\u00e1 programada para el pr\u00f3ximo 10 de enero. Posteriormente se conocer\u00e1 si se concede la suspensi\u00f3n definitiva. Actualmente, el procedimiento de municipalizaci\u00f3n de Villa de Pozos ya cuenta con una suspensi\u00f3n definitiva desde el pasado 5 de octubre.<\/p>\n\n\n\n<p>La suspensi\u00f3n de octubre provoc\u00f3 que el dictamen con proyecto de decreto sobre Villa de Pozos fuera retirado de la sesi\u00f3n y que los congresistas aplicaran un paro al \u201creloj legislativo\u201d; sin embargo, el juzgado otorg\u00f3 la suspensi\u00f3n definitiva del decreto.<\/p>\n","protected":false},"excerpt":{"rendered":"<p>Un amparo contra la municipalizaci\u00f3n de Villa de Pozos que en primera instancia hab\u00eda sido desechado, fue retomado por el Primer Tribunal Colegiado en Materias Civil y Administrativa. La suspensi\u00f3n se dio el 14 de diciembre, luego de que fue admitido el amparo 1298\/2023 en contra del Congreso del Estado por un \u201cproceso irregular\u201d para [&hellip;]<\/p>\n","protected":false},"author":6,"featured_media":8053,"comment_status":"open","ping_status":"open","sticky":false,"template":"","format":"standard","meta":{"footnotes":""},"categories":[30,1],"tags":[1223,294,261,1068],"class_list":{"0":"post-8052","1":"post","2":"type-post","3":"status-publish","4":"format-standard","5":"has-post-thumbnail","7":"category-de-la-region-centro","8":"category-destacadas","9":"tag-municipalizacion-pozos","10":"tag-san-luis","11":"tag-slp","12":"tag-villa-de-pozos"},"_links":{"self":[{"href":"https:\/\/cronicadesoledad.com\/index.php\/wp-json\/wp\/v2\/posts\/8052","targetHints":{"allow":["GET"]}}],"collection":[{"href":"https:\/\/cronicadesoledad.com\/index.php\/wp-json\/wp\/v2\/posts"}],"about":[{"href":"https:\/\/cronicadesoledad.com\/index.php\/wp-json\/wp\/v2\/types\/post"}],"author":[{"embeddable":true,"href":"https:\/\/cronicadesoledad.com\/index.php\/wp-json\/wp\/v2\/users\/6"}],"replies":[{"embeddable":true,"href":"https:\/\/cronicadesoledad.com\/index.php\/wp-json\/wp\/v2\/comments?post=8052"}],"version-history":[{"count":1,"href":"https:\/\/cronicadesoledad.com\/index.php\/wp-json\/wp\/v2\/posts\/8052\/revisions"}],"predecessor-version":[{"id":8054,"href":"https:\/\/cronicadesoledad.com\/index.php\/wp-json\/wp\/v2\/posts\/8052\/revisions\/8054"}],"wp:featuredmedia":[{"embeddable":true,"href":"https:\/\/cronicadesoledad.com\/index.php\/wp-json\/wp\/v2\/media\/8053"}],"wp:attachment":[{"href":"https:\/\/cronicadesoledad.com\/index.php\/wp-json\/wp\/v2\/media?parent=8052"}],"wp:term":[{"taxonomy":"category","embeddable":true,"href":"https:\/\/cronicadesoledad.com\/index.php\/wp-json\/wp\/v2\/categories?post=8052"},{"taxonomy":"post_tag","embeddable":true,"href":"https:\/\/cronicadesoledad.com\/index.php\/wp-json\/wp\/v2\/tags?post=8052"}],"curies":[{"name":"wp","href":"https:\/\/api.w.org\/{rel}","templated":true}]}}