{"id":8055,"date":"2023-12-26T11:58:48","date_gmt":"2023-12-26T17:58:48","guid":{"rendered":"https:\/\/cronicadesoledad.com\/?p=8055"},"modified":"2023-12-26T11:58:49","modified_gmt":"2023-12-26T17:58:49","slug":"no-habra-comicios-en-pozos-ceepac","status":"publish","type":"post","link":"https:\/\/cronicadesoledad.com\/index.php\/2023\/12\/26\/no-habra-comicios-en-pozos-ceepac\/","title":{"rendered":"No habr\u00e1 comicios en Pozos: Ceepac"},"content":{"rendered":"\n<p>Juan Manuel Ram\u00edrez Garc\u00eda, consejero electoral, descart\u00f3 que puedan realizarse comicios en Villa de Pozos el pr\u00f3ximo 2 de junio, incluso, si se concreta pr\u00f3ximamente la municipalizaci\u00f3n.&nbsp;<\/p>\n\n\n\n<p>El integrante del Consejo Estatal Electoral y de Participaci\u00f3n Ciudadana (Ceepac) explic\u00f3 que en este momento ya no hay posibilidad de realizar una elecci\u00f3n de representantes populares.<\/p>\n\n\n\n<p>&#8220;Independientemente de que se resuelva el asunto de la municipalizaci\u00f3n en las pr\u00f3ximas semanas o meses, ya no da el tiempo para que nosotros hagamos una modificaci\u00f3n a la normatividad electoral y poder ir a una elecci\u00f3n de 59 ayuntamientos&#8221;.&nbsp;<\/p>\n\n\n\n<p>El funcionario abund\u00f3 en el tema al precisar que, con una eventual municipalizaci\u00f3n, habr\u00e1 que pensar en una elecci\u00f3n extraordinaria.<\/p>\n\n\n\n<p>Adem\u00e1s, afirm\u00f3 que representar\u00eda un costo adicional para el Ceepac, ya que es un comit\u00e9 electoral m\u00e1s que hay que instalar en dicha demarcaci\u00f3n.<\/p>\n","protected":false},"excerpt":{"rendered":"<p>Juan Manuel Ram\u00edrez Garc\u00eda, consejero electoral, descart\u00f3 que puedan realizarse comicios en Villa de Pozos el pr\u00f3ximo 2 de junio, incluso, si se concreta pr\u00f3ximamente la municipalizaci\u00f3n.&nbsp; El integrante del Consejo Estatal Electoral y de Participaci\u00f3n Ciudadana (Ceepac) explic\u00f3 que en este momento ya no hay posibilidad de realizar una elecci\u00f3n de representantes populares. &#8220;Independientemente [&hellip;]<\/p>\n","protected":false},"author":6,"featured_media":8056,"comment_status":"open","ping_status":"open","sticky":false,"template":"","format":"standard","meta":{"footnotes":""},"categories":[30],"tags":[1224,1225,294,261,1068],"class_list":{"0":"post-8055","1":"post","2":"type-post","3":"status-publish","4":"format-standard","5":"has-post-thumbnail","7":"category-de-la-region-centro","8":"tag-ceepac","9":"tag-comicios-en-pozos","10":"tag-san-luis","11":"tag-slp","12":"tag-villa-de-pozos"},"_links":{"self":[{"href":"https:\/\/cronicadesoledad.com\/index.php\/wp-json\/wp\/v2\/posts\/8055","targetHints":{"allow":["GET"]}}],"collection":[{"href":"https:\/\/cronicadesoledad.com\/index.php\/wp-json\/wp\/v2\/posts"}],"about":[{"href":"https:\/\/cronicadesoledad.com\/index.php\/wp-json\/wp\/v2\/types\/post"}],"author":[{"embeddable":true,"href":"https:\/\/cronicadesoledad.com\/index.php\/wp-json\/wp\/v2\/users\/6"}],"replies":[{"embeddable":true,"href":"https:\/\/cronicadesoledad.com\/index.php\/wp-json\/wp\/v2\/comments?post=8055"}],"version-history":[{"count":1,"href":"https:\/\/cronicadesoledad.com\/index.php\/wp-json\/wp\/v2\/posts\/8055\/revisions"}],"predecessor-version":[{"id":8057,"href":"https:\/\/cronicadesoledad.com\/index.php\/wp-json\/wp\/v2\/posts\/8055\/revisions\/8057"}],"wp:featuredmedia":[{"embeddable":true,"href":"https:\/\/cronicadesoledad.com\/index.php\/wp-json\/wp\/v2\/media\/8056"}],"wp:attachment":[{"href":"https:\/\/cronicadesoledad.com\/index.php\/wp-json\/wp\/v2\/media?parent=8055"}],"wp:term":[{"taxonomy":"category","embeddable":true,"href":"https:\/\/cronicadesoledad.com\/index.php\/wp-json\/wp\/v2\/categories?post=8055"},{"taxonomy":"post_tag","embeddable":true,"href":"https:\/\/cronicadesoledad.com\/index.php\/wp-json\/wp\/v2\/tags?post=8055"}],"curies":[{"name":"wp","href":"https:\/\/api.w.org\/{rel}","templated":true}]}}