{"id":8108,"date":"2023-12-27T12:28:13","date_gmt":"2023-12-27T18:28:13","guid":{"rendered":"https:\/\/cronicadesoledad.com\/?p=8108"},"modified":"2023-12-27T12:28:15","modified_gmt":"2023-12-27T18:28:15","slug":"oscar-macias-primer-refuerzo-del-atletico-del-san-luis","status":"publish","type":"post","link":"https:\/\/cronicadesoledad.com\/index.php\/2023\/12\/27\/oscar-macias-primer-refuerzo-del-atletico-del-san-luis\/","title":{"rendered":"Oscar Mac\u00edas primer refuerzo del Atletico del San Luis"},"content":{"rendered":"\n<p>Atl\u00e9tico de San Luis lleg\u00f3 a un acuerdo con el Club Deportivo Guadalajara para la incorporaci\u00f3n del mediocampista Oscar Mac\u00edas para llegar como el primer refuerzo del cuadro potosino.<\/p>\n\n\n\n<p>Procedente de Tapat\u00edo CD y como parte de un acuerdo para el apoyo en el desarrollo de talento mexicano, el mediocampista Oscar Mac\u00edas de 25 a\u00f1os, se convirti\u00f3 en la primera incorporaci\u00f3n para el cuadro potosino de cara al Torneo Clausura 2024.<\/p>\n\n\n<div class=\"wp-block-image\">\n<figure class=\"aligncenter size-full\"><img loading=\"lazy\" decoding=\"async\" width=\"300\" height=\"168\" src=\"https:\/\/cronicadesoledad.com\/wp-content\/uploads\/2023\/12\/image-10.png\" alt=\"\" class=\"wp-image-8109\"\/><\/figure>\n<\/div>\n\n\n<p>Sumando 148 partidos disputados en Liga BBVA MX y Liga Expansi\u00f3n MX, Oscar ha sido parte de los equipos Chivas, Zacatepec, Lobos BUAP, Tapat\u00edo, FC Ju\u00e1rez, Tampico y Atl\u00e9tico de San Luis, destacando por ser capit\u00e1n de Tapat\u00edo CD durante el Clausura 2023 de Liga Expansi\u00f3n MX, torneo en donde se consagr\u00f3 campe\u00f3n del torneo, as\u00ed como Campe\u00f3n de Campeones 2022-2023. En su primera etapa con Atl\u00e9tico de San Luis, Mac\u00edas disput\u00f3 16 encuentros y 760 minutos jugados.<\/p>\n\n\n\n<p>Ante su llegada, \u00d3scar mencion\u00f3 sentirse agradecido y contento por esta segunda etapa en donde buscar\u00e1 demostrar su talento para el servicio del equipo.<\/p>\n\n\n\n<p>Con informaci\u00f3n de C\u00f3digo San Luis. <\/p>\n","protected":false},"excerpt":{"rendered":"<p>Atl\u00e9tico de San Luis lleg\u00f3 a un acuerdo con el Club Deportivo Guadalajara para la incorporaci\u00f3n del mediocampista Oscar Mac\u00edas para llegar como el primer refuerzo del cuadro potosino. Procedente de Tapat\u00edo CD y como parte de un acuerdo para el apoyo en el desarrollo de talento mexicano, el mediocampista Oscar Mac\u00edas de 25 a\u00f1os, [&hellip;]<\/p>\n","protected":false},"author":6,"featured_media":8110,"comment_status":"open","ping_status":"open","sticky":false,"template":"","format":"standard","meta":{"footnotes":""},"categories":[20,1],"tags":[292,615,321,1238,294],"class_list":{"0":"post-8108","1":"post","2":"type-post","3":"status-publish","4":"format-standard","5":"has-post-thumbnail","7":"category-cronica-deportiva","8":"category-destacadas","9":"tag-adsl","10":"tag-atletico-de-san-luis","11":"tag-cronica-deportiva","12":"tag-oscar-macias","13":"tag-san-luis"},"_links":{"self":[{"href":"https:\/\/cronicadesoledad.com\/index.php\/wp-json\/wp\/v2\/posts\/8108","targetHints":{"allow":["GET"]}}],"collection":[{"href":"https:\/\/cronicadesoledad.com\/index.php\/wp-json\/wp\/v2\/posts"}],"about":[{"href":"https:\/\/cronicadesoledad.com\/index.php\/wp-json\/wp\/v2\/types\/post"}],"author":[{"embeddable":true,"href":"https:\/\/cronicadesoledad.com\/index.php\/wp-json\/wp\/v2\/users\/6"}],"replies":[{"embeddable":true,"href":"https:\/\/cronicadesoledad.com\/index.php\/wp-json\/wp\/v2\/comments?post=8108"}],"version-history":[{"count":1,"href":"https:\/\/cronicadesoledad.com\/index.php\/wp-json\/wp\/v2\/posts\/8108\/revisions"}],"predecessor-version":[{"id":8111,"href":"https:\/\/cronicadesoledad.com\/index.php\/wp-json\/wp\/v2\/posts\/8108\/revisions\/8111"}],"wp:featuredmedia":[{"embeddable":true,"href":"https:\/\/cronicadesoledad.com\/index.php\/wp-json\/wp\/v2\/media\/8110"}],"wp:attachment":[{"href":"https:\/\/cronicadesoledad.com\/index.php\/wp-json\/wp\/v2\/media?parent=8108"}],"wp:term":[{"taxonomy":"category","embeddable":true,"href":"https:\/\/cronicadesoledad.com\/index.php\/wp-json\/wp\/v2\/categories?post=8108"},{"taxonomy":"post_tag","embeddable":true,"href":"https:\/\/cronicadesoledad.com\/index.php\/wp-json\/wp\/v2\/tags?post=8108"}],"curies":[{"name":"wp","href":"https:\/\/api.w.org\/{rel}","templated":true}]}}