{"id":8150,"date":"2023-12-28T12:24:16","date_gmt":"2023-12-28T18:24:16","guid":{"rendered":"https:\/\/cronicadesoledad.com\/?p=8150"},"modified":"2023-12-28T12:24:17","modified_gmt":"2023-12-28T18:24:17","slug":"bellas-artes-sera-la-sede-el-homenaje-a-cristina-pacheco","status":"publish","type":"post","link":"https:\/\/cronicadesoledad.com\/index.php\/2023\/12\/28\/bellas-artes-sera-la-sede-el-homenaje-a-cristina-pacheco\/","title":{"rendered":"Bellas Artes ser\u00e1 la sede el homenaje a Cristina Pacheco"},"content":{"rendered":"\n<p>La conductora del programa \u00abAqu\u00ed nos toc\u00f3 vivir\u00bb y escritora referente del periodismo mexicano, Cristina Pacheco, recibir\u00e1 un homenaje en el Instituto Nacional de Bellas Artes, luego de haber fallecido el pasado 21 de diciembre a los 82 a\u00f1os de edad.<\/p>\n\n\n\n<p>Con sus libros, columnas y programas de televisi\u00f3n, Pacheco form\u00f3 parte de la memoria de CDMX durante muchos a\u00f1os, situaci\u00f3n por la cual la titular del INBAL, Lucina Jim\u00e9nez, confirm\u00f3 que el homenaje se har\u00e1 en cuanto los familiares de la escritora lo consideren pertinente.<\/p>\n\n\n\n<p>Si bien la funcionaria no detall\u00f3 la fecha, ha trascendido que el homenaje podr\u00eda realizarse en los primeros dos meses del 2024, ya que la dependencia no puede iniciar los preparativos sin el previo consentimiento y autorizaci\u00f3n de Laura y Cecilia, hijas de Cristina.<\/p>\n\n\n\n<p>Laura Emilia Pacheco Romo inform\u00f3 que la causa del fallecimiento de Cristina Pacheco fue debido a c\u00e1ncer y agreg\u00f3 que su estado de salud estuvo reservado por decisi\u00f3n familiar.<\/p>\n\n\n\n<p>Con informaci\u00f3n de C\u00f3digo San Luis. <\/p>\n","protected":false},"excerpt":{"rendered":"<p>La conductora del programa \u00abAqu\u00ed nos toc\u00f3 vivir\u00bb y escritora referente del periodismo mexicano, Cristina Pacheco, recibir\u00e1 un homenaje en el Instituto Nacional de Bellas Artes, luego de haber fallecido el pasado 21 de diciembre a los 82 a\u00f1os de edad. Con sus libros, columnas y programas de televisi\u00f3n, Pacheco form\u00f3 parte de la memoria [&hellip;]<\/p>\n","protected":false},"author":6,"featured_media":8151,"comment_status":"open","ping_status":"open","sticky":false,"template":"","format":"standard","meta":{"footnotes":""},"categories":[1,24],"tags":[1182,414,1257,287],"class_list":{"0":"post-8150","1":"post","2":"type-post","3":"status-publish","4":"format-standard","5":"has-post-thumbnail","7":"category-destacadas","8":"category-informacion-general","9":"tag-cristina-pacheco","10":"tag-espectaculos","11":"tag-homenaje","12":"tag-nacional"},"_links":{"self":[{"href":"https:\/\/cronicadesoledad.com\/index.php\/wp-json\/wp\/v2\/posts\/8150","targetHints":{"allow":["GET"]}}],"collection":[{"href":"https:\/\/cronicadesoledad.com\/index.php\/wp-json\/wp\/v2\/posts"}],"about":[{"href":"https:\/\/cronicadesoledad.com\/index.php\/wp-json\/wp\/v2\/types\/post"}],"author":[{"embeddable":true,"href":"https:\/\/cronicadesoledad.com\/index.php\/wp-json\/wp\/v2\/users\/6"}],"replies":[{"embeddable":true,"href":"https:\/\/cronicadesoledad.com\/index.php\/wp-json\/wp\/v2\/comments?post=8150"}],"version-history":[{"count":1,"href":"https:\/\/cronicadesoledad.com\/index.php\/wp-json\/wp\/v2\/posts\/8150\/revisions"}],"predecessor-version":[{"id":8152,"href":"https:\/\/cronicadesoledad.com\/index.php\/wp-json\/wp\/v2\/posts\/8150\/revisions\/8152"}],"wp:featuredmedia":[{"embeddable":true,"href":"https:\/\/cronicadesoledad.com\/index.php\/wp-json\/wp\/v2\/media\/8151"}],"wp:attachment":[{"href":"https:\/\/cronicadesoledad.com\/index.php\/wp-json\/wp\/v2\/media?parent=8150"}],"wp:term":[{"taxonomy":"category","embeddable":true,"href":"https:\/\/cronicadesoledad.com\/index.php\/wp-json\/wp\/v2\/categories?post=8150"},{"taxonomy":"post_tag","embeddable":true,"href":"https:\/\/cronicadesoledad.com\/index.php\/wp-json\/wp\/v2\/tags?post=8150"}],"curies":[{"name":"wp","href":"https:\/\/api.w.org\/{rel}","templated":true}]}}