{"id":8192,"date":"2023-12-29T14:21:33","date_gmt":"2023-12-29T20:21:33","guid":{"rendered":"https:\/\/cronicadesoledad.com\/?p=8192"},"modified":"2023-12-29T14:21:35","modified_gmt":"2023-12-29T20:21:35","slug":"gloria-trevi-demanda-a-sergio-andrade","status":"publish","type":"post","link":"https:\/\/cronicadesoledad.com\/index.php\/2023\/12\/29\/gloria-trevi-demanda-a-sergio-andrade\/","title":{"rendered":"Gloria Trevi demanda a Sergio Andrade"},"content":{"rendered":"\n<h2 class=\"wp-block-heading\">La cantante present\u00f3 una denuncia en el Tribunal de Los \u00c1ngeles contra su ex manager y productor.&nbsp;<\/h2>\n\n\n\n<p>La denuncia que interpuso Gloria Trevi contra su ex manager ante el Tribunal de Los \u00c1ngeles fue por abuso, violaci\u00f3n y agresi\u00f3n sexual. Esta demanda sucede a m\u00e1s de 20 a\u00f1os de que Trevi fuera acusada por rapto, violaci\u00f3n y corrupci\u00f3n, motivos por los que estuvo en prisi\u00f3n por cuatro a\u00f1os.&nbsp;<\/p>\n\n\n\n<p>La cantante es representada pro Camille Vasquez (abogada del Jhonny Deep), en una carta compartida a Variety Gloria comparti\u00f3 lo siguiente:&nbsp;<\/p>\n\n\n\n<p>&#8220;He elegido emprender esta acci\u00f3n legal para luchar por la justicia y enviar un mensaje de que actos tan atroces no deben ser tolerados. Nadie deber\u00eda tener que pasar por lo que yo experiment\u00e9 y estoy decidida a responsabilizar a los responsables por sus acciones\u201d.<\/p>\n\n\n\n<p>Despu\u00e9s de su absoluci\u00f3n en 2004, Trevi volvi\u00f3 al estudio y a los escenarios. Actualmente se encuentra promocionado los siguientes conciertos de su gira con tres fechas en el Auditorio Nacional.&nbsp;<\/p>\n\n\n\n<p>Seguiremos informado sobre el desarrollo de esta noticia.&nbsp;<\/p>\n","protected":false},"excerpt":{"rendered":"<p>La cantante present\u00f3 una denuncia en el Tribunal de Los \u00c1ngeles contra su ex manager y productor.&nbsp; La denuncia que interpuso Gloria Trevi contra su ex manager ante el Tribunal de Los \u00c1ngeles fue por abuso, violaci\u00f3n y agresi\u00f3n sexual. Esta demanda sucede a m\u00e1s de 20 a\u00f1os de que Trevi fuera acusada por rapto, [&hellip;]<\/p>\n","protected":false},"author":6,"featured_media":8193,"comment_status":"open","ping_status":"open","sticky":false,"template":"","format":"standard","meta":{"footnotes":""},"categories":[1,24],"tags":[414,1272,288,287,1273],"class_list":{"0":"post-8192","1":"post","2":"type-post","3":"status-publish","4":"format-standard","5":"has-post-thumbnail","7":"category-destacadas","8":"category-informacion-general","9":"tag-espectaculos","10":"tag-gloria-trevi","11":"tag-internacional","12":"tag-nacional","13":"tag-sergio-andrade"},"_links":{"self":[{"href":"https:\/\/cronicadesoledad.com\/index.php\/wp-json\/wp\/v2\/posts\/8192","targetHints":{"allow":["GET"]}}],"collection":[{"href":"https:\/\/cronicadesoledad.com\/index.php\/wp-json\/wp\/v2\/posts"}],"about":[{"href":"https:\/\/cronicadesoledad.com\/index.php\/wp-json\/wp\/v2\/types\/post"}],"author":[{"embeddable":true,"href":"https:\/\/cronicadesoledad.com\/index.php\/wp-json\/wp\/v2\/users\/6"}],"replies":[{"embeddable":true,"href":"https:\/\/cronicadesoledad.com\/index.php\/wp-json\/wp\/v2\/comments?post=8192"}],"version-history":[{"count":1,"href":"https:\/\/cronicadesoledad.com\/index.php\/wp-json\/wp\/v2\/posts\/8192\/revisions"}],"predecessor-version":[{"id":8194,"href":"https:\/\/cronicadesoledad.com\/index.php\/wp-json\/wp\/v2\/posts\/8192\/revisions\/8194"}],"wp:featuredmedia":[{"embeddable":true,"href":"https:\/\/cronicadesoledad.com\/index.php\/wp-json\/wp\/v2\/media\/8193"}],"wp:attachment":[{"href":"https:\/\/cronicadesoledad.com\/index.php\/wp-json\/wp\/v2\/media?parent=8192"}],"wp:term":[{"taxonomy":"category","embeddable":true,"href":"https:\/\/cronicadesoledad.com\/index.php\/wp-json\/wp\/v2\/categories?post=8192"},{"taxonomy":"post_tag","embeddable":true,"href":"https:\/\/cronicadesoledad.com\/index.php\/wp-json\/wp\/v2\/tags?post=8192"}],"curies":[{"name":"wp","href":"https:\/\/api.w.org\/{rel}","templated":true}]}}