{"id":8221,"date":"2023-12-30T15:02:57","date_gmt":"2023-12-30T21:02:57","guid":{"rendered":"https:\/\/cronicadesoledad.com\/?p=8221"},"modified":"2023-12-30T15:02:58","modified_gmt":"2023-12-30T21:02:58","slug":"julion-alvarez-termina-en-medio-de-enfrentamiento-armado","status":"publish","type":"post","link":"https:\/\/cronicadesoledad.com\/index.php\/2023\/12\/30\/julion-alvarez-termina-en-medio-de-enfrentamiento-armado\/","title":{"rendered":"Juli\u00f3n \u00c1lvarez termina en medio de enfrentamiento armado"},"content":{"rendered":"\n<p>La ma\u00f1ana de este s\u00e1bado trascendi\u00f3 el rumor de que el famoso cantante de regional mexicano, Juli\u00f3n \u00c1lvarez, fue atacado por personas armadas mientras circulaba por una carretera del pa\u00eds. Sin embargo, momentos despu\u00e9s, el equipo del cantante emiti\u00f3 un comunicado donde explican lo que en realidad sucedi\u00f3.<\/p>\n\n\n\n<p>Seg\u00fan el comunicado, Juli\u00f3n \u00c1lvarez y su familia se encuentran en buen estado de salud y a salvo. La declaraci\u00f3n aclara que el incidente en el que se vio envuelto el artista ocurri\u00f3 mientras transitaba por la carretera y dos grupos delictivos estaban en medio de una disputa. Sin embargo, se enfatiza que el cantante no tiene ninguna relaci\u00f3n con los involucrados en dicha pelea.<\/p>\n\n\n\n<figure class=\"wp-block-image size-full\"><img loading=\"lazy\" decoding=\"async\" width=\"948\" height=\"960\" src=\"https:\/\/cronicadesoledad.com\/wp-content\/uploads\/2023\/12\/image-24.png\" alt=\"\" class=\"wp-image-8222\" srcset=\"https:\/\/cronicadesoledad.com\/wp-content\/uploads\/2023\/12\/image-24.png 948w, https:\/\/cronicadesoledad.com\/wp-content\/uploads\/2023\/12\/image-24-296x300.png 296w, https:\/\/cronicadesoledad.com\/wp-content\/uploads\/2023\/12\/image-24-768x778.png 768w, https:\/\/cronicadesoledad.com\/wp-content\/uploads\/2023\/12\/image-24-696x705.png 696w\" sizes=\"auto, (max-width: 948px) 100vw, 948px\" \/><\/figure>\n\n\n\n<p>Es crucial resaltar que Juli\u00f3n \u00c1lvarez no se vio afectado ni particip\u00f3 de ninguna manera en el enfrentamiento entre grupos delictivos. El comunicado pide estar atentos a los comunicados oficiales proporcionados directamente por el cantante o su equipo de prensa para obtener informaci\u00f3n precisa y veraz sobre la situaci\u00f3n.<\/p>\n\n\n\n<p>Con informaci\u00f3n de C\u00f3digo San Luis. <\/p>\n","protected":false},"excerpt":{"rendered":"<p>La ma\u00f1ana de este s\u00e1bado trascendi\u00f3 el rumor de que el famoso cantante de regional mexicano, Juli\u00f3n \u00c1lvarez, fue atacado por personas armadas mientras circulaba por una carretera del pa\u00eds. Sin embargo, momentos despu\u00e9s, el equipo del cantante emiti\u00f3 un comunicado donde explican lo que en realidad sucedi\u00f3. Seg\u00fan el comunicado, Juli\u00f3n \u00c1lvarez y su [&hellip;]<\/p>\n","protected":false},"author":6,"featured_media":8224,"comment_status":"open","ping_status":"open","sticky":false,"template":"","format":"standard","meta":{"footnotes":""},"categories":[1,24],"tags":[414,1280,287,1281],"class_list":{"0":"post-8221","1":"post","2":"type-post","3":"status-publish","4":"format-standard","5":"has-post-thumbnail","7":"category-destacadas","8":"category-informacion-general","9":"tag-espectaculos","10":"tag-julion-alvarez","11":"tag-nacional","12":"tag-regional-mexicano"},"_links":{"self":[{"href":"https:\/\/cronicadesoledad.com\/index.php\/wp-json\/wp\/v2\/posts\/8221","targetHints":{"allow":["GET"]}}],"collection":[{"href":"https:\/\/cronicadesoledad.com\/index.php\/wp-json\/wp\/v2\/posts"}],"about":[{"href":"https:\/\/cronicadesoledad.com\/index.php\/wp-json\/wp\/v2\/types\/post"}],"author":[{"embeddable":true,"href":"https:\/\/cronicadesoledad.com\/index.php\/wp-json\/wp\/v2\/users\/6"}],"replies":[{"embeddable":true,"href":"https:\/\/cronicadesoledad.com\/index.php\/wp-json\/wp\/v2\/comments?post=8221"}],"version-history":[{"count":1,"href":"https:\/\/cronicadesoledad.com\/index.php\/wp-json\/wp\/v2\/posts\/8221\/revisions"}],"predecessor-version":[{"id":8225,"href":"https:\/\/cronicadesoledad.com\/index.php\/wp-json\/wp\/v2\/posts\/8221\/revisions\/8225"}],"wp:featuredmedia":[{"embeddable":true,"href":"https:\/\/cronicadesoledad.com\/index.php\/wp-json\/wp\/v2\/media\/8224"}],"wp:attachment":[{"href":"https:\/\/cronicadesoledad.com\/index.php\/wp-json\/wp\/v2\/media?parent=8221"}],"wp:term":[{"taxonomy":"category","embeddable":true,"href":"https:\/\/cronicadesoledad.com\/index.php\/wp-json\/wp\/v2\/categories?post=8221"},{"taxonomy":"post_tag","embeddable":true,"href":"https:\/\/cronicadesoledad.com\/index.php\/wp-json\/wp\/v2\/tags?post=8221"}],"curies":[{"name":"wp","href":"https:\/\/api.w.org\/{rel}","templated":true}]}}