{"id":8226,"date":"2023-12-31T10:00:00","date_gmt":"2023-12-31T16:00:00","guid":{"rendered":"https:\/\/cronicadesoledad.com\/?p=8226"},"modified":"2023-12-30T15:09:00","modified_gmt":"2023-12-30T21:09:00","slug":"ciudado-con-disparar-al-aire-este-fin-de-ano","status":"publish","type":"post","link":"https:\/\/cronicadesoledad.com\/index.php\/2023\/12\/31\/ciudado-con-disparar-al-aire-este-fin-de-ano\/","title":{"rendered":"Ciudado con disparar al aire este fin de a\u00f1o"},"content":{"rendered":"\n<p>Al finalizar el a\u00f1o y en el calor de la celebraci\u00f3n, hay muchas personas que tienen la tradici\u00f3n de salir a dar balazos al aire durante los primeros segundos del nuevo a\u00f1o. Sin embargo, esta acci\u00f3n es considerada como delito federal, castigado con uno y hasta tres a\u00f1os de prisi\u00f3n.<\/p>\n\n\n\n<p>Autoridades estatales exhortan a todos los potosinos a conscientes y no realizar estos actos que pueden provocar lesiones a quien lo hace y a terceros. Por este motivo, las fuerzas del orden del Estado, trabajan de manera coordinada con los diferentes niveles de Gobierno, se fortalecer\u00e1 la vigilancia y cualquier autoridad, estar\u00e1 en facultad de atender e indagar el caso que se presente.<\/p>\n\n\n\n<p>A quien se sorprenda realizando esta acci\u00f3n, se pondr\u00e1 a disposici\u00f3n ante la Fiscal\u00eda General de la Rep\u00fablica (FGR), debido a que estar\u00eda violentando el art\u00edculo 10 de la Constituci\u00f3n Pol\u00edtica de los Estados Unidos Mexicanos y el art\u00edculo 15 de la Ley Federal de Armas de Fuego y explosivos.<\/p>\n\n\n\n<p>Cabe resaltar que durante la temporada decembrina, no se han reportado lesionados o afectados por disparos al aire, por lo que, reiter\u00f3 el llamado a las y los potosinos a tomar conciencia, disfrutar sanamente de las fiestas de fin de a\u00f1o.<\/p>\n\n\n\n<p>Con informaci\u00f3n de C\u00f3digo San Luis. <\/p>\n","protected":false},"excerpt":{"rendered":"<p>Al finalizar el a\u00f1o y en el calor de la celebraci\u00f3n, hay muchas personas que tienen la tradici\u00f3n de salir a dar balazos al aire durante los primeros segundos del nuevo a\u00f1o. Sin embargo, esta acci\u00f3n es considerada como delito federal, castigado con uno y hasta tres a\u00f1os de prisi\u00f3n. Autoridades estatales exhortan a todos [&hellip;]<\/p>\n","protected":false},"author":6,"featured_media":8227,"comment_status":"open","ping_status":"open","sticky":false,"template":"","format":"standard","meta":{"footnotes":""},"categories":[1,24],"tags":[1251,1282,261,27],"class_list":{"0":"post-8226","1":"post","2":"type-post","3":"status-publish","4":"format-standard","5":"has-post-thumbnail","7":"category-destacadas","8":"category-informacion-general","9":"tag-1251","10":"tag-disparos-al-aire","11":"tag-slp","12":"tag-soledad"},"_links":{"self":[{"href":"https:\/\/cronicadesoledad.com\/index.php\/wp-json\/wp\/v2\/posts\/8226","targetHints":{"allow":["GET"]}}],"collection":[{"href":"https:\/\/cronicadesoledad.com\/index.php\/wp-json\/wp\/v2\/posts"}],"about":[{"href":"https:\/\/cronicadesoledad.com\/index.php\/wp-json\/wp\/v2\/types\/post"}],"author":[{"embeddable":true,"href":"https:\/\/cronicadesoledad.com\/index.php\/wp-json\/wp\/v2\/users\/6"}],"replies":[{"embeddable":true,"href":"https:\/\/cronicadesoledad.com\/index.php\/wp-json\/wp\/v2\/comments?post=8226"}],"version-history":[{"count":1,"href":"https:\/\/cronicadesoledad.com\/index.php\/wp-json\/wp\/v2\/posts\/8226\/revisions"}],"predecessor-version":[{"id":8228,"href":"https:\/\/cronicadesoledad.com\/index.php\/wp-json\/wp\/v2\/posts\/8226\/revisions\/8228"}],"wp:featuredmedia":[{"embeddable":true,"href":"https:\/\/cronicadesoledad.com\/index.php\/wp-json\/wp\/v2\/media\/8227"}],"wp:attachment":[{"href":"https:\/\/cronicadesoledad.com\/index.php\/wp-json\/wp\/v2\/media?parent=8226"}],"wp:term":[{"taxonomy":"category","embeddable":true,"href":"https:\/\/cronicadesoledad.com\/index.php\/wp-json\/wp\/v2\/categories?post=8226"},{"taxonomy":"post_tag","embeddable":true,"href":"https:\/\/cronicadesoledad.com\/index.php\/wp-json\/wp\/v2\/tags?post=8226"}],"curies":[{"name":"wp","href":"https:\/\/api.w.org\/{rel}","templated":true}]}}