{"id":8276,"date":"2024-01-02T11:38:00","date_gmt":"2024-01-02T17:38:00","guid":{"rendered":"https:\/\/cronicadesoledad.com\/?p=8276"},"modified":"2024-01-02T11:38:00","modified_gmt":"2024-01-02T17:38:00","slug":"garantizadas-las-acciones-de-limpieza-por-festejos","status":"publish","type":"post","link":"https:\/\/cronicadesoledad.com\/index.php\/2024\/01\/02\/garantizadas-las-acciones-de-limpieza-por-festejos\/","title":{"rendered":"Garantizadas las acciones de limpieza por festejos"},"content":{"rendered":"\n<p>Debido al incremento de actividades por la \u00e9poca de festejos entre la poblaci\u00f3n, y con la encomienda de lograr que las calles y avenidas de Soledad de Graciano S\u00e1nchez luzcan limpias, la Direcci\u00f3n de Servicios Municipales confirm\u00f3 que durante estas celebraciones el servicio de recolecci\u00f3n de basura y limpieza se llevar\u00e1n a cabo de manera regular, a trav\u00e9s del departamento de Aseo P\u00fablico.<\/p>\n\n\n\n<p>Conrrado P\u00e9rez, director del \u00e1rea, anunci\u00f3 que la recolecci\u00f3n de basura continu\u00f3 incluso el 31 de diciembre, sin embargo, el \u00fanico servicio que se suspendi\u00f3 el primero de enero fue el de la ruta de recolecci\u00f3n de basura.<\/p>\n\n\n\n<p>En cuanto al personal de limpieza p\u00fablica, este continu\u00f3 trabajando para mantener las calles impecables durante esta temporada festiva, debido a que se esperaba un aumento de entre el 10 y 20 por ciento en la generaci\u00f3n de desechos urbanos.<\/p>\n\n\n\n<p>El funcionario Soledense explic\u00f3 que mediante cuadrillas se dispuso de trabajadores en el primer cuadro de la cabecera municipal, con acciones de barrido manual y deshierbe, adem\u00e1s de tener permanentemente una cuadrilla personal en la plaza principal, ya que es una zona de gran afluencia de personas y comerciantes.<\/p>\n\n\n\n<p>Conrrado P\u00e9rez reiter\u00f3 la importancia de seguir las recomendaciones para la disposici\u00f3n adecuada de desechos, a fin de facilitar el trabajo de recolecci\u00f3n al personal de su \u00e1rea, por lo que pidi\u00f3 a los soledenses mantener la separaci\u00f3n de residuos org\u00e1nicos e inorg\u00e1nicos, y hacer uso de los contenedores de basura disponibles en el municipio, ya que, con estas medidas, se espera contribuir a la sostenibilidad ambiental durante las festividades de fin de a\u00f1o en Soledad de Graciano S\u00e1nchez.<\/p>\n","protected":false},"excerpt":{"rendered":"<p>Debido al incremento de actividades por la \u00e9poca de festejos entre la poblaci\u00f3n, y con la encomienda de lograr que las calles y avenidas de Soledad de Graciano S\u00e1nchez luzcan limpias, la Direcci\u00f3n de Servicios Municipales confirm\u00f3 que durante estas celebraciones el servicio de recolecci\u00f3n de basura y limpieza se llevar\u00e1n a cabo de manera [&hellip;]<\/p>\n","protected":false},"author":6,"featured_media":8277,"comment_status":"open","ping_status":"open","sticky":false,"template":"","format":"standard","meta":{"footnotes":""},"categories":[1,24,21],"tags":[223,1293,581,27],"class_list":{"0":"post-8276","1":"post","2":"type-post","3":"status-publish","4":"format-standard","5":"has-post-thumbnail","7":"category-destacadas","8":"category-informacion-general","9":"category-tu-soledad","10":"tag-ayuntamiento-soledense","11":"tag-festejos-fin-de-ano","12":"tag-limpieza","13":"tag-soledad"},"_links":{"self":[{"href":"https:\/\/cronicadesoledad.com\/index.php\/wp-json\/wp\/v2\/posts\/8276","targetHints":{"allow":["GET"]}}],"collection":[{"href":"https:\/\/cronicadesoledad.com\/index.php\/wp-json\/wp\/v2\/posts"}],"about":[{"href":"https:\/\/cronicadesoledad.com\/index.php\/wp-json\/wp\/v2\/types\/post"}],"author":[{"embeddable":true,"href":"https:\/\/cronicadesoledad.com\/index.php\/wp-json\/wp\/v2\/users\/6"}],"replies":[{"embeddable":true,"href":"https:\/\/cronicadesoledad.com\/index.php\/wp-json\/wp\/v2\/comments?post=8276"}],"version-history":[{"count":1,"href":"https:\/\/cronicadesoledad.com\/index.php\/wp-json\/wp\/v2\/posts\/8276\/revisions"}],"predecessor-version":[{"id":8278,"href":"https:\/\/cronicadesoledad.com\/index.php\/wp-json\/wp\/v2\/posts\/8276\/revisions\/8278"}],"wp:featuredmedia":[{"embeddable":true,"href":"https:\/\/cronicadesoledad.com\/index.php\/wp-json\/wp\/v2\/media\/8277"}],"wp:attachment":[{"href":"https:\/\/cronicadesoledad.com\/index.php\/wp-json\/wp\/v2\/media?parent=8276"}],"wp:term":[{"taxonomy":"category","embeddable":true,"href":"https:\/\/cronicadesoledad.com\/index.php\/wp-json\/wp\/v2\/categories?post=8276"},{"taxonomy":"post_tag","embeddable":true,"href":"https:\/\/cronicadesoledad.com\/index.php\/wp-json\/wp\/v2\/tags?post=8276"}],"curies":[{"name":"wp","href":"https:\/\/api.w.org\/{rel}","templated":true}]}}