{"id":8342,"date":"2024-01-02T20:30:00","date_gmt":"2024-01-03T02:30:00","guid":{"rendered":"https:\/\/cronicadesoledad.com\/?p=8342"},"modified":"2024-01-02T14:45:53","modified_gmt":"2024-01-02T20:45:53","slug":"destaca-soledad-en-atractivos-turisticos-a-lo-largo-del-2023","status":"publish","type":"post","link":"https:\/\/cronicadesoledad.com\/index.php\/2024\/01\/02\/destaca-soledad-en-atractivos-turisticos-a-lo-largo-del-2023\/","title":{"rendered":"Destaca Soledad en atractivos tur\u00edsticos a lo largo del 2023"},"content":{"rendered":"\n<p>Con una amplia oferta de actividades que fomentaron la atracci\u00f3n e inter\u00e9s de visitantes y habitantes locales, la Direcci\u00f3n de Turismo en Soledad de Graciano S\u00e1nchez calific\u00f3 como positivo y de resultados el a\u00f1o 2023 en materia tur\u00edstica, mediante eventos que destacaron la riqueza cultural, art\u00edstica, gastron\u00f3mica, de entretenimiento y arquitect\u00f3nica con la que cuenta el municipio.<\/p>\n\n\n\n<p>Ocari Carre\u00f3n Hern\u00e1ndez, titular de la dependencia, extern\u00f3 que uno de los m\u00e1ximos atractivos fue la edici\u00f3n del Concurso Reina FENAE (Feria Nacional de la Enchilada) 2023, el cual registr\u00f3 una gran participaci\u00f3n de aspirantes y coron\u00f3 a Georgina Fierro como la ganadora del certamen; adem\u00e1s de promover la belleza local, tambi\u00e9n se tradujo en un importante impulso tur\u00edstico gracias a la cobertura medi\u00e1tica y la derrama econ\u00f3mica para establecimientos comerciales del primer cuadro de la ciudad, transporte de la zona metropolitana, y sobre todo, la proyecci\u00f3n del municipio a nivel nacional.<\/p>\n\n\n\n<p>Detall\u00f3 que el Festival de las Flores fungi\u00f3 como otro de los momentos destacados de Soledad de Graciano S\u00e1nchez, donde con una exposici\u00f3n sin precedentes de flora regional y una serie de espect\u00e1culos y talleres tem\u00e1ticos, este Festival se consolid\u00f3 como un espacio para el esparcimiento familiar y entusiastas de la naturaleza, sumando al derroche y flujo econ\u00f3mico para familias dedicadas a esta actividad y comercios alrededor.<\/p>\n\n\n\n<p>Agreg\u00f3 que la conmemoraci\u00f3n del D\u00eda de Muertos permiti\u00f3 consolidar al municipio como una regi\u00f3n con identidad ancestral, que persigue y reconoce las tradiciones m\u00e1s emblem\u00e1ticas de M\u00e9xico. La presentaci\u00f3n de comparsas tra\u00eddas de la Huasteca potosina, con apoyo del Gobierno del Estado, dieron un realce a estas festividades que fueron presenciadas por personas originarias de otras ciudades del pa\u00eds.<\/p>\n\n\n\n<p>La temporada decembrina es otra de la programaci\u00f3n tur\u00edstica que a\u00f1o tras a\u00f1o se convierte en un polo de sana diversi\u00f3n y del fortalecimiento de las familias; este 2023, la espectacular Pista de Hielo ha generado alegr\u00eda para ni\u00f1os y adolescentes en el marco de las fiestas navide\u00f1as; as\u00ed como la decoraci\u00f3n principal de temporada.<\/p>\n\n\n\n<p>Adelant\u00f3 que los preparativos de una edici\u00f3n m\u00e1s de la Feria Nacional de la Enchilada comienzan, con la finalidad de fortalecer todos los eventos que derivan y perfeccionar su realizaci\u00f3n en este a\u00f1o 2024, con la que se tendr\u00e1 nuevamente resultados en la promoci\u00f3n de Soledad como centro del entretenimiento, sitio para la sana convivencia social, en condiciones de paz e ideal para las nuevas inversiones.<\/p>\n","protected":false},"excerpt":{"rendered":"<p>Con una amplia oferta de actividades que fomentaron la atracci\u00f3n e inter\u00e9s de visitantes y habitantes locales, la Direcci\u00f3n de Turismo en Soledad de Graciano S\u00e1nchez calific\u00f3 como positivo y de resultados el a\u00f1o 2023 en materia tur\u00edstica, mediante eventos que destacaron la riqueza cultural, art\u00edstica, gastron\u00f3mica, de entretenimiento y arquitect\u00f3nica con la que cuenta [&hellip;]<\/p>\n","protected":false},"author":2,"featured_media":8343,"comment_status":"open","ping_status":"open","sticky":false,"template":"","format":"standard","meta":{"footnotes":""},"categories":[1,24,21],"tags":[1251,81,223,29,294,261,27],"class_list":{"0":"post-8342","1":"post","2":"type-post","3":"status-publish","4":"format-standard","5":"has-post-thumbnail","7":"category-destacadas","8":"category-informacion-general","9":"category-tu-soledad","10":"tag-1251","11":"tag-alcaldesa-soledense","12":"tag-ayuntamiento-soledense","13":"tag-leonor-noyola","14":"tag-san-luis","15":"tag-slp","16":"tag-soledad"},"_links":{"self":[{"href":"https:\/\/cronicadesoledad.com\/index.php\/wp-json\/wp\/v2\/posts\/8342","targetHints":{"allow":["GET"]}}],"collection":[{"href":"https:\/\/cronicadesoledad.com\/index.php\/wp-json\/wp\/v2\/posts"}],"about":[{"href":"https:\/\/cronicadesoledad.com\/index.php\/wp-json\/wp\/v2\/types\/post"}],"author":[{"embeddable":true,"href":"https:\/\/cronicadesoledad.com\/index.php\/wp-json\/wp\/v2\/users\/2"}],"replies":[{"embeddable":true,"href":"https:\/\/cronicadesoledad.com\/index.php\/wp-json\/wp\/v2\/comments?post=8342"}],"version-history":[{"count":1,"href":"https:\/\/cronicadesoledad.com\/index.php\/wp-json\/wp\/v2\/posts\/8342\/revisions"}],"predecessor-version":[{"id":8344,"href":"https:\/\/cronicadesoledad.com\/index.php\/wp-json\/wp\/v2\/posts\/8342\/revisions\/8344"}],"wp:featuredmedia":[{"embeddable":true,"href":"https:\/\/cronicadesoledad.com\/index.php\/wp-json\/wp\/v2\/media\/8343"}],"wp:attachment":[{"href":"https:\/\/cronicadesoledad.com\/index.php\/wp-json\/wp\/v2\/media?parent=8342"}],"wp:term":[{"taxonomy":"category","embeddable":true,"href":"https:\/\/cronicadesoledad.com\/index.php\/wp-json\/wp\/v2\/categories?post=8342"},{"taxonomy":"post_tag","embeddable":true,"href":"https:\/\/cronicadesoledad.com\/index.php\/wp-json\/wp\/v2\/tags?post=8342"}],"curies":[{"name":"wp","href":"https:\/\/api.w.org\/{rel}","templated":true}]}}