{"id":8377,"date":"2024-01-03T14:09:16","date_gmt":"2024-01-03T20:09:16","guid":{"rendered":"https:\/\/cronicadesoledad.com\/?p=8377"},"modified":"2024-01-03T14:09:18","modified_gmt":"2024-01-03T20:09:18","slug":"secuestran-a-31-migrantes-cerca-de-la-frontera-mexico-estados-unidos","status":"publish","type":"post","link":"https:\/\/cronicadesoledad.com\/index.php\/2024\/01\/03\/secuestran-a-31-migrantes-cerca-de-la-frontera-mexico-estados-unidos\/","title":{"rendered":"Secuestran a 31 migrantes cerca de la frontera M\u00e9xico-Estados Unidos\u00a0"},"content":{"rendered":"\n<p>Las autoridades de nuestro pa\u00eds, est\u00e1n en la b\u00fasqueda de 31 migrantes que fueron secuestrados hace unos d\u00edas a punta de pistola en Tamaulipas. Los migrantes iban en un autob\u00fas que ten\u00eda como destino la l\u00ednea fronteriza. Sin embargo, fueron abordados por sujetos armados.&nbsp;<\/p>\n\n\n\n<p>Estos sujetos capturaron a 31 personas migrantes, pero dejaron ir al conductor y a los pasajeros mexicanos del autob\u00fas, los cu\u00e1les alertaron a la polic\u00eda.&nbsp;<\/p>\n\n\n\n<p>La Secretaria de Seguridad y Protecci\u00f3n Ciudadana, Rosa Icela Rodr\u00edguez, detall\u00f3 que el ataque se realiz\u00f3 en la autopista Reynosa-Matamoros, en el Kil\u00f3metro 6 tras pasar la caseta, adem\u00e1s revel\u00f3: \u201cSe identifican a personas de varias nacionalidades:&nbsp;venezolanos, ecuatorianos, hondure\u00f1os, colombianos y mexicanos.\u201d<\/p>\n\n\n\n<p>La investigaci\u00f3n actualmente est\u00e1 a cargo de la Fiscal\u00eda del Estado de Tamaulipas, con la participaci\u00f3n de la Guardia Nacional y las Secretar\u00edas de Defensa, Marina y Seguridad.&nbsp;<\/p>\n\n\n\n<p>Los secuestros de migrantes son algo que sucede en el pa\u00eds, usualmente se hacen para exigir rescate a sus familias desde sus pa\u00edses de origen. Pero la cantidad de personas sustra\u00eddas en esta ocasi\u00f3n es at\u00edpica.&nbsp;<\/p>\n\n\n\n<p>Seguiremos informando sobre el desarrollo de esta noticia.&nbsp;<\/p>\n","protected":false},"excerpt":{"rendered":"<p>Las autoridades de nuestro pa\u00eds, est\u00e1n en la b\u00fasqueda de 31 migrantes que fueron secuestrados hace unos d\u00edas a punta de pistola en Tamaulipas. Los migrantes iban en un autob\u00fas que ten\u00eda como destino la l\u00ednea fronteriza. Sin embargo, fueron abordados por sujetos armados.&nbsp; Estos sujetos capturaron a 31 personas migrantes, pero dejaron ir al [&hellip;]<\/p>\n","protected":false},"author":6,"featured_media":8378,"comment_status":"open","ping_status":"open","sticky":false,"template":"","format":"standard","meta":{"footnotes":""},"categories":[1,24],"tags":[288,572,287,1321,1320],"class_list":{"0":"post-8377","1":"post","2":"type-post","3":"status-publish","4":"format-standard","5":"has-post-thumbnail","7":"category-destacadas","8":"category-informacion-general","9":"tag-internacional","10":"tag-migrantes","11":"tag-nacional","12":"tag-secuestro","13":"tag-secuestro-migrantes"},"_links":{"self":[{"href":"https:\/\/cronicadesoledad.com\/index.php\/wp-json\/wp\/v2\/posts\/8377","targetHints":{"allow":["GET"]}}],"collection":[{"href":"https:\/\/cronicadesoledad.com\/index.php\/wp-json\/wp\/v2\/posts"}],"about":[{"href":"https:\/\/cronicadesoledad.com\/index.php\/wp-json\/wp\/v2\/types\/post"}],"author":[{"embeddable":true,"href":"https:\/\/cronicadesoledad.com\/index.php\/wp-json\/wp\/v2\/users\/6"}],"replies":[{"embeddable":true,"href":"https:\/\/cronicadesoledad.com\/index.php\/wp-json\/wp\/v2\/comments?post=8377"}],"version-history":[{"count":1,"href":"https:\/\/cronicadesoledad.com\/index.php\/wp-json\/wp\/v2\/posts\/8377\/revisions"}],"predecessor-version":[{"id":8379,"href":"https:\/\/cronicadesoledad.com\/index.php\/wp-json\/wp\/v2\/posts\/8377\/revisions\/8379"}],"wp:featuredmedia":[{"embeddable":true,"href":"https:\/\/cronicadesoledad.com\/index.php\/wp-json\/wp\/v2\/media\/8378"}],"wp:attachment":[{"href":"https:\/\/cronicadesoledad.com\/index.php\/wp-json\/wp\/v2\/media?parent=8377"}],"wp:term":[{"taxonomy":"category","embeddable":true,"href":"https:\/\/cronicadesoledad.com\/index.php\/wp-json\/wp\/v2\/categories?post=8377"},{"taxonomy":"post_tag","embeddable":true,"href":"https:\/\/cronicadesoledad.com\/index.php\/wp-json\/wp\/v2\/tags?post=8377"}],"curies":[{"name":"wp","href":"https:\/\/api.w.org\/{rel}","templated":true}]}}