{"id":8409,"date":"2024-01-04T12:48:08","date_gmt":"2024-01-04T18:48:08","guid":{"rendered":"https:\/\/cronicadesoledad.com\/?p=8409"},"modified":"2024-01-04T12:48:08","modified_gmt":"2024-01-04T18:48:08","slug":"por-arte-de-magia-se-perdieron-las-fichas-de-busqueda-de-cinco-de-los-43-de-ayotzinapa","status":"publish","type":"post","link":"https:\/\/cronicadesoledad.com\/index.php\/2024\/01\/04\/por-arte-de-magia-se-perdieron-las-fichas-de-busqueda-de-cinco-de-los-43-de-ayotzinapa\/","title":{"rendered":"\u00a1Por arte de magia! Se perdieron las fichas de b\u00fasqueda de cinco de los 43 de Ayotzinapa\u00a0"},"content":{"rendered":"\n<h2 class=\"wp-block-heading\">Casi 10 a\u00f1os de la desaparici\u00f3n de los normalistas de Ayotzinapa, las autoridades de b\u00fasqueda encargadas del caso \u201cperdieron\u201d las fichas de cinco de los normalistas.\u00a0<\/h2>\n\n\n\n<p class=\"has-text-align-right\">Por Paulina Vega <\/p>\n\n\n\n<p>Las fichas se perdieron del Registro Nacional de Personas Desaparecidas y No Localizadas (RNPDNO), perecen a&nbsp; Carlos Iv\u00e1n Ram\u00edrez Villares, Giovanni Gal\u00edndez Guerrero, Jon\u00e1s Trujillo Gonz\u00e1lez, Jos\u00e9 \u00c1ngel Campos Cantor y Miguel \u00c1ngel Hern\u00e1ndez Mart\u00ednez.&nbsp;<\/p>\n\n\n\n<p>La curiosa desaparici\u00f3n de estas fichas, ocurre en medio de la controversia del cruce de diversas bases de datos y el censo \u201ccasa por casa\u201d que ordeno el presidente Andr\u00e9s Manuel L\u00f3pez Obrador, hecho con el que el Gobierno Federal se jact\u00f3 de encontrar a 16mil 681 personas desaparecidas, datos revelados en una conferencia de prensa llena de dudas y omisi\u00f3n de informaci\u00f3n.&nbsp;<\/p>\n\n\n\n<p>La m\u00e1gica perdida ocurre tambi\u00e9n despu\u00e9s de el anuncio del Gobierno de M\u00e9xico de abrir por dos meses todos los archivos del caso Ayotzinapa a las madres y los padres de los 43 normalistas.&nbsp;<\/p>\n\n\n\n<p>En respuesta a la situaci\u00f3n la Comisi\u00f3n Nacional de b\u00fasqueda (CNB) le respondi\u00f3 a Animal pol\u00edtico que la publicaci\u00f3n de estos \u201cboletines\u201d le corresponde a las autoridades primarias, en este caso la Fiscal\u00eda General de la Rep\u00fablica (FGR), la Fiscal\u00eda de Guerrero o la Comisi\u00f3n Estatal de B\u00fasqueda. La FGR no dio respuesta al mismo cuestionamiento que hizo Animal Pol\u00edtico.&nbsp;<\/p>\n\n\n\n<p>Por otro lado, Vidulfo Rosales Sierra, representante de las madres y padres de los 43, menciona que no hay motivo para que no est\u00e9n las fichas de estos cinco j\u00f3venes, \u201ca menos que no hayan sido registrados\u201d, declar\u00f3 Vidulfo.&nbsp;<\/p>\n\n\n\n<p>El\u00a0Protocolo Homologado para la B\u00fasqueda de Personas Desaparecidas y No Localizadas\u00a0se menciona que la \u00fanica forma de dar de baja una ficha de b\u00fasqueda es localizando a la persona con o sin vida, adem\u00e1s apunta que \u201cLa b\u00fasqueda de la persona debe darse de baja en el RNPDNO rellenando el formulario de localizaci\u00f3n y el informe de localizaci\u00f3n debe adjuntarse al sistema\u201d.\u00a0<\/p>\n\n\n\n<figure class=\"wp-block-image size-large\"><img loading=\"lazy\" decoding=\"async\" width=\"1024\" height=\"576\" src=\"https:\/\/cronicadesoledad.com\/wp-content\/uploads\/2024\/01\/43-de-ayotzinapa-1024x576.jpeg\" alt=\"\" class=\"wp-image-8411\" srcset=\"https:\/\/cronicadesoledad.com\/wp-content\/uploads\/2024\/01\/43-de-ayotzinapa-1024x576.jpeg 1024w, https:\/\/cronicadesoledad.com\/wp-content\/uploads\/2024\/01\/43-de-ayotzinapa-300x169.jpeg 300w, https:\/\/cronicadesoledad.com\/wp-content\/uploads\/2024\/01\/43-de-ayotzinapa-768x432.jpeg 768w, https:\/\/cronicadesoledad.com\/wp-content\/uploads\/2024\/01\/43-de-ayotzinapa-1536x864.jpeg 1536w, https:\/\/cronicadesoledad.com\/wp-content\/uploads\/2024\/01\/43-de-ayotzinapa-696x392.jpeg 696w, https:\/\/cronicadesoledad.com\/wp-content\/uploads\/2024\/01\/43-de-ayotzinapa-1068x601.jpeg 1068w, https:\/\/cronicadesoledad.com\/wp-content\/uploads\/2024\/01\/43-de-ayotzinapa.jpeg 1600w\" sizes=\"auto, (max-width: 1024px) 100vw, 1024px\" \/><\/figure>\n\n\n\n<p>Tomando en cuenta lo anterior, se entiende la ausencia de las fichas de b\u00fasqueda de estudiantes como Alexander Mora, Christian Alfonso y Jhosivani Guerrero, pues sus segmentos han sido identificados, pero \u00bfY las cinco fichas faltantes? No se han encontrado los restos de ninguno de los ausentes en el registro.\u00a0<\/p>\n\n\n\n<p>Seguiremos informando sobre el desarrollo de esta noticia. <\/p>\n","protected":false},"excerpt":{"rendered":"<p>Casi 10 a\u00f1os de la desaparici\u00f3n de los normalistas de Ayotzinapa, las autoridades de b\u00fasqueda encargadas del caso \u201cperdieron\u201d las fichas de cinco de los normalistas.\u00a0 Por Paulina Vega Las fichas se perdieron del Registro Nacional de Personas Desaparecidas y No Localizadas (RNPDNO), perecen a&nbsp; Carlos Iv\u00e1n Ram\u00edrez Villares, Giovanni Gal\u00edndez Guerrero, Jon\u00e1s Trujillo Gonz\u00e1lez, [&hellip;]<\/p>\n","protected":false},"author":6,"featured_media":8410,"comment_status":"open","ping_status":"open","sticky":false,"template":"","format":"standard","meta":{"footnotes":""},"categories":[1,24],"tags":[1332,1331,770,288,287],"class_list":{"0":"post-8409","1":"post","2":"type-post","3":"status-publish","4":"format-standard","5":"has-post-thumbnail","7":"category-destacadas","8":"category-informacion-general","9":"tag-43-de-ayotzinapa","10":"tag-43-normalistas","11":"tag-desaparicion-forzada","12":"tag-internacional","13":"tag-nacional"},"_links":{"self":[{"href":"https:\/\/cronicadesoledad.com\/index.php\/wp-json\/wp\/v2\/posts\/8409","targetHints":{"allow":["GET"]}}],"collection":[{"href":"https:\/\/cronicadesoledad.com\/index.php\/wp-json\/wp\/v2\/posts"}],"about":[{"href":"https:\/\/cronicadesoledad.com\/index.php\/wp-json\/wp\/v2\/types\/post"}],"author":[{"embeddable":true,"href":"https:\/\/cronicadesoledad.com\/index.php\/wp-json\/wp\/v2\/users\/6"}],"replies":[{"embeddable":true,"href":"https:\/\/cronicadesoledad.com\/index.php\/wp-json\/wp\/v2\/comments?post=8409"}],"version-history":[{"count":1,"href":"https:\/\/cronicadesoledad.com\/index.php\/wp-json\/wp\/v2\/posts\/8409\/revisions"}],"predecessor-version":[{"id":8412,"href":"https:\/\/cronicadesoledad.com\/index.php\/wp-json\/wp\/v2\/posts\/8409\/revisions\/8412"}],"wp:featuredmedia":[{"embeddable":true,"href":"https:\/\/cronicadesoledad.com\/index.php\/wp-json\/wp\/v2\/media\/8410"}],"wp:attachment":[{"href":"https:\/\/cronicadesoledad.com\/index.php\/wp-json\/wp\/v2\/media?parent=8409"}],"wp:term":[{"taxonomy":"category","embeddable":true,"href":"https:\/\/cronicadesoledad.com\/index.php\/wp-json\/wp\/v2\/categories?post=8409"},{"taxonomy":"post_tag","embeddable":true,"href":"https:\/\/cronicadesoledad.com\/index.php\/wp-json\/wp\/v2\/tags?post=8409"}],"curies":[{"name":"wp","href":"https:\/\/api.w.org\/{rel}","templated":true}]}}