{"id":8650,"date":"2024-01-05T12:21:16","date_gmt":"2024-01-05T18:21:16","guid":{"rendered":"https:\/\/cronicadesoledad.com\/?p=8650"},"modified":"2024-01-05T12:21:17","modified_gmt":"2024-01-05T18:21:17","slug":"rafa-nadal-volvio-para-ganar","status":"publish","type":"post","link":"https:\/\/cronicadesoledad.com\/index.php\/2024\/01\/05\/rafa-nadal-volvio-para-ganar\/","title":{"rendered":"Rafa Nadal volvi\u00f3 para ganar\u00a0"},"content":{"rendered":"\n<p>Gan\u00f3 en los individuales tras uno de \u201clos a\u00f1os m\u00e1s duros\u201d de su carrera.&nbsp;<\/p>\n\n\n\n<p>El pasado martes 2 de enero, Rafa Nadal hizo su regres\u00f3 triunfal a la acci\u00f3n en los individuales. Venciendo al austriaco Dominic Thiem en sets corridos durante el Brisbane Internacional cuya sede fue Australia.&nbsp;<\/p>\n\n\n\n<p>Tras casi un a\u00f1o de lucha por lesiones que se gener\u00f3 durante la temporada pasada, el campe\u00f3n por fin regres\u00f3 y este fue su primer partido.&nbsp; En entrevista despu\u00e9s de su victoria en el partido mencion\u00f3:&nbsp;<\/p>\n\n\n\n<p>&#8220;Hoy es honestamente un d\u00eda emotivo e importante para m\u00ed despu\u00e9s de probablemente uno de los a\u00f1os m\u00e1s duros de mi carrera ten\u00edstica sin duda. (Tengo) la oportunidad de volver despu\u00e9s de un a\u00f1o y jugar delante de un p\u00fablico incre\u00edble y jugar creo que a un nivel muy positivo.\u201d<\/p>\n\n\n\n<p>Este es probablemente el \u00faltimo a\u00f1o del tenista en el circuito, en mayo de este a\u00f1o es probable que se retire, pero no descart\u00f3 continuar m\u00e1s all\u00e1 de esa fecha. Nadal cuenta con 20 a\u00f1os de trayectoria en el tenis, es uno de los mejores tenistas del mundo a sus 37 a\u00f1os.\u00a0<\/p>\n\n\n\n<p><\/p>\n","protected":false},"excerpt":{"rendered":"<p>Gan\u00f3 en los individuales tras uno de \u201clos a\u00f1os m\u00e1s duros\u201d de su carrera.&nbsp; El pasado martes 2 de enero, Rafa Nadal hizo su regres\u00f3 triunfal a la acci\u00f3n en los individuales. Venciendo al austriaco Dominic Thiem en sets corridos durante el Brisbane Internacional cuya sede fue Australia.&nbsp; Tras casi un a\u00f1o de lucha por [&hellip;]<\/p>\n","protected":false},"author":6,"featured_media":8651,"comment_status":"open","ping_status":"open","sticky":false,"template":"","format":"standard","meta":{"footnotes":""},"categories":[20,1],"tags":[1122,288,1361,1120,1362],"class_list":{"0":"post-8650","1":"post","2":"type-post","3":"status-publish","4":"format-standard","5":"has-post-thumbnail","7":"category-cronica-deportiva","8":"category-destacadas","9":"tag-1122","10":"tag-internacional","11":"tag-rafa-nadal","12":"tag-tenis","13":"tag-tenista"},"_links":{"self":[{"href":"https:\/\/cronicadesoledad.com\/index.php\/wp-json\/wp\/v2\/posts\/8650","targetHints":{"allow":["GET"]}}],"collection":[{"href":"https:\/\/cronicadesoledad.com\/index.php\/wp-json\/wp\/v2\/posts"}],"about":[{"href":"https:\/\/cronicadesoledad.com\/index.php\/wp-json\/wp\/v2\/types\/post"}],"author":[{"embeddable":true,"href":"https:\/\/cronicadesoledad.com\/index.php\/wp-json\/wp\/v2\/users\/6"}],"replies":[{"embeddable":true,"href":"https:\/\/cronicadesoledad.com\/index.php\/wp-json\/wp\/v2\/comments?post=8650"}],"version-history":[{"count":1,"href":"https:\/\/cronicadesoledad.com\/index.php\/wp-json\/wp\/v2\/posts\/8650\/revisions"}],"predecessor-version":[{"id":8652,"href":"https:\/\/cronicadesoledad.com\/index.php\/wp-json\/wp\/v2\/posts\/8650\/revisions\/8652"}],"wp:featuredmedia":[{"embeddable":true,"href":"https:\/\/cronicadesoledad.com\/index.php\/wp-json\/wp\/v2\/media\/8651"}],"wp:attachment":[{"href":"https:\/\/cronicadesoledad.com\/index.php\/wp-json\/wp\/v2\/media?parent=8650"}],"wp:term":[{"taxonomy":"category","embeddable":true,"href":"https:\/\/cronicadesoledad.com\/index.php\/wp-json\/wp\/v2\/categories?post=8650"},{"taxonomy":"post_tag","embeddable":true,"href":"https:\/\/cronicadesoledad.com\/index.php\/wp-json\/wp\/v2\/tags?post=8650"}],"curies":[{"name":"wp","href":"https:\/\/api.w.org\/{rel}","templated":true}]}}