{"id":8674,"date":"2024-01-05T21:00:00","date_gmt":"2024-01-06T03:00:00","guid":{"rendered":"https:\/\/cronicadesoledad.com\/?p=8674"},"modified":"2024-01-06T01:57:33","modified_gmt":"2024-01-06T07:57:33","slug":"arrancan-caravanas-solidarias-en-comunidades","status":"publish","type":"post","link":"https:\/\/cronicadesoledad.com\/index.php\/2024\/01\/05\/arrancan-caravanas-solidarias-en-comunidades\/","title":{"rendered":"Arrancan caravanas solidarias en comunidades"},"content":{"rendered":"\n<p>La Direcci\u00f3n de Participaci\u00f3n Ciudadana de Soledad de Graciano S\u00e1nchez refuerza su compromiso institucional con quienes menos tienen, al arrancar con las Caravanas Solidarias que recorren diversas comunidades en el municipio llevando a cabo programas clave como &#8220;Canasta Digna&#8221;, &#8220;Abrigando Corazones&#8221; y &#8220;Rescatando una Sonrisa&#8221;.<\/p>\n\n\n\n<p>En una muestra de solidaridad palpable, se realiz\u00f3 una dispersi\u00f3n masiva de canastas de despensa, prendas abrigadoras, juguetes, pi\u00f1atas y bolsas de dulces, focalizando la ayuda en las personas que enfrentan vulnerabilidad econ\u00f3mica y alimentaria.<\/p>\n\n\n\n<p>Adem\u00e1s, como parte de la celebraci\u00f3n de este seis de enero, personal de la Direcci\u00f3n entreg\u00f3 Roscas de Reyes a menores que se dieron cita en la zona de entrega, compartiendo momentos especiales de alegr\u00eda y uni\u00f3n comunitaria.<\/p>\n\n\n\n<p>Mar\u00eda de los \u00c1ngeles P\u00e9rez S\u00e1nchez, impulsora de esta iniciativa, comparti\u00f3 detalles sobre el recorrido que abarc\u00f3 las comunidades de Ventura, Tinaja, Pur\u00edsima y Estaci\u00f3n Techa, donde se distribuyeron m\u00e1s de 100 canastas, m\u00e1s de mil 500 prendas y cerca de 150 pelotas en cada localidad.<\/p>\n\n\n\n<p>En la b\u00fasqueda de fortalecer la solidaridad y la ayuda mutua entre las y los soledenses, P\u00e9rez S\u00e1nchez enfatiz\u00f3 que cada contribuci\u00f3n, independientemente de su magnitud, marca una diferencia significativa en la vida de aquellos que m\u00e1s lo necesitan. &#8220;Celebramos los logros alcanzados hasta la fecha, incluyendo la entrega exitosa de 500 Canastas Dignas, demostrando el impacto positivo de esta noble iniciativa solidaria en Soledad de Graciano S\u00e1nchez&#8221;.<\/p>\n","protected":false},"excerpt":{"rendered":"<p>La Direcci\u00f3n de Participaci\u00f3n Ciudadana de Soledad de Graciano S\u00e1nchez refuerza su compromiso institucional con quienes menos tienen, al arrancar con las Caravanas Solidarias que recorren diversas comunidades en el municipio llevando a cabo programas clave como &#8220;Canasta Digna&#8221;, &#8220;Abrigando Corazones&#8221; y &#8220;Rescatando una Sonrisa&#8221;. En una muestra de solidaridad palpable, se realiz\u00f3 una dispersi\u00f3n [&hellip;]<\/p>\n","protected":false},"author":2,"featured_media":8675,"comment_status":"open","ping_status":"open","sticky":false,"template":"","format":"standard","meta":{"footnotes":""},"categories":[24,21],"tags":[81,223,1370,1371,29,294,261,27],"class_list":{"0":"post-8674","1":"post","2":"type-post","3":"status-publish","4":"format-standard","5":"has-post-thumbnail","7":"category-informacion-general","8":"category-tu-soledad","9":"tag-alcaldesa-soledense","10":"tag-ayuntamiento-soledense","11":"tag-caravanas","12":"tag-comunidades","13":"tag-leonor-noyola","14":"tag-san-luis","15":"tag-slp","16":"tag-soledad"},"_links":{"self":[{"href":"https:\/\/cronicadesoledad.com\/index.php\/wp-json\/wp\/v2\/posts\/8674","targetHints":{"allow":["GET"]}}],"collection":[{"href":"https:\/\/cronicadesoledad.com\/index.php\/wp-json\/wp\/v2\/posts"}],"about":[{"href":"https:\/\/cronicadesoledad.com\/index.php\/wp-json\/wp\/v2\/types\/post"}],"author":[{"embeddable":true,"href":"https:\/\/cronicadesoledad.com\/index.php\/wp-json\/wp\/v2\/users\/2"}],"replies":[{"embeddable":true,"href":"https:\/\/cronicadesoledad.com\/index.php\/wp-json\/wp\/v2\/comments?post=8674"}],"version-history":[{"count":1,"href":"https:\/\/cronicadesoledad.com\/index.php\/wp-json\/wp\/v2\/posts\/8674\/revisions"}],"predecessor-version":[{"id":8676,"href":"https:\/\/cronicadesoledad.com\/index.php\/wp-json\/wp\/v2\/posts\/8674\/revisions\/8676"}],"wp:featuredmedia":[{"embeddable":true,"href":"https:\/\/cronicadesoledad.com\/index.php\/wp-json\/wp\/v2\/media\/8675"}],"wp:attachment":[{"href":"https:\/\/cronicadesoledad.com\/index.php\/wp-json\/wp\/v2\/media?parent=8674"}],"wp:term":[{"taxonomy":"category","embeddable":true,"href":"https:\/\/cronicadesoledad.com\/index.php\/wp-json\/wp\/v2\/categories?post=8674"},{"taxonomy":"post_tag","embeddable":true,"href":"https:\/\/cronicadesoledad.com\/index.php\/wp-json\/wp\/v2\/tags?post=8674"}],"curies":[{"name":"wp","href":"https:\/\/api.w.org\/{rel}","templated":true}]}}