{"id":8723,"date":"2024-01-08T13:00:00","date_gmt":"2024-01-08T19:00:00","guid":{"rendered":"https:\/\/cronicadesoledad.com\/?p=8723"},"modified":"2024-01-08T11:16:55","modified_gmt":"2024-01-08T17:16:55","slug":"detenido-por-robo-con-violencia-y-posesion-de-droga","status":"publish","type":"post","link":"https:\/\/cronicadesoledad.com\/index.php\/2024\/01\/08\/detenido-por-robo-con-violencia-y-posesion-de-droga\/","title":{"rendered":"DETENIDO POR ROBO CON VIOLENCIA Y POSESI\u00d3N DE DROGA"},"content":{"rendered":"\n<h2 class=\"wp-block-heading\">Uno de ellos es menor de edad y presunto responsable del delito de robo con violencia a personas de la tercera edad y transportistas; otras tres personas fueron detenidas por faltas al Bando de Polic\u00eda y Buen Gobierno, al agredir a oficiales e<br>impedir su labor.<\/h2>\n\n\n\n<p>Derivado de acciones enfocadas a mantener la paz social y tras ser alertados por un<br>reporte de robo con violencia, agentes de Seguridad P\u00fablica de Soledad de Graciano<br>S\u00e1nchez detuvieron a dos sujetos y un menor de edad por los presuntos delitos de<br>posesi\u00f3n de sustancias prohibidas, portaci\u00f3n de arma hechiza y robo a un transportista,<br>adem\u00e1s de tres personas m\u00e1s por obstrucci\u00f3n a la labor policial y agresiones a la<br>autoridad, en la Colonia San Antonio, hecho desplegado mediante el dispositivo &#8220;Por Un<br>Soledad Seguro&#8221;.<br>Cuando los agentes municipales circulaban sobre la Avenida L\u00f3pez Mateos y la calle<br>Venustiano Carranza de la colonia mencionada, fueron interceptados por un chofer de<br>taxi, quien les hizo saber que hab\u00eda sido v\u00edctima de un robo con violencia cuyo autor<br>estaba armado, por lo que comenzaron un recorrido de b\u00fasqueda. Con las caracter\u00edsticas<br>proporcionadas lograron ubicar a un hombre que cumpl\u00eda con la referencia, quien al<br>notar la presencia policial huy\u00f3, lo que gener\u00f3 una persecuci\u00f3n en la zona.<br>Los polic\u00edas lograron darle alcance al sospechoso entre las calles Jos\u00e9 Mar\u00eda Bocanegra y<br>Benito Ju\u00e1rez, donde intervinieron varios sujetos (presuntos familiares), impidiendo la<br>labor de los agentes y lanzado agresiones verbales y f\u00edsicas contra los agentes, impidiendo<br>la detenci\u00f3n del se\u00f1alado. Al solicitar refuerzos de la corporaci\u00f3n y despu\u00e9s de minutos,<br>se llev\u00f3 a cabo el aseguramiento de seis personas a trav\u00e9s de acciones apegadas al debido<br>protocolo de actuaci\u00f3n.<br>Los agresores fueron inspeccionados con el debido apego al respeto de sus derechos<br>humanos. En dicha revisi\u00f3n le fue encontrado a quien se identific\u00f3 como Emmanuel &#8220;N&#8221;<br>de 38 a\u00f1os de edad, 9 dosis de un material blanco granulado similar a la droga sint\u00e9tica<br>conocida como &#8220;cristal&#8221;; a Fernando &#8220;N&#8221; de 49 a\u00f1os le fueron halladas 10 dosis de la<br>misma sustancia.<br>Por otro lado, a quien caus\u00f3 la persecuci\u00f3n de la autoridad fue identificado como menor<br>de edad de 17 a\u00f1os, a quien se le encontr\u00f3 un arma de fuego de hechura artesanal<br>conocida como &#8220;cachimba&#8221;, adem\u00e1s de que se constat\u00f3 que es un presunto delincuente<\/p>\n\n\n\n<p>con reincidencia, al contar con reportes de robo con violencia a personas de la tercera<br>edad y a transportistas. Tambi\u00e9n fueron detenidas otras tres personas por faltas<br>administrativas y violaci\u00f3n al Bando de Polic\u00eda y Buen Gobierno, al agredir a los polic\u00edas e<br>interrumpir su labor.<br>A los detenidos se les dio lectura de sus derechos, adem\u00e1s de ser certificados por m\u00e9dico<br>legista. Los tres responsables de los delitos de portaci\u00f3n de arma de hechura artesanal y<br>posesi\u00f3n de sustancias prohibidas, fueron puestos a disposici\u00f3n de la Fiscal\u00eda General del<br>Estado de San Luis Potos\u00ed (FGESLP), donde les dar\u00e1n a conocer su situaci\u00f3n legal.<\/p>\n","protected":false},"excerpt":{"rendered":"<p>Uno de ellos es menor de edad y presunto responsable del delito de robo con violencia a personas de la tercera edad y transportistas; otras tres personas fueron detenidas por faltas al Bando de Polic\u00eda y Buen Gobierno, al agredir a oficiales eimpedir su labor. Derivado de acciones enfocadas a mantener la paz social y [&hellip;]<\/p>\n","protected":false},"author":6,"featured_media":8724,"comment_status":"open","ping_status":"open","sticky":false,"template":"","format":"standard","meta":{"footnotes":""},"categories":[1,19],"tags":[1382,367,1383,294,261],"class_list":{"0":"post-8723","1":"post","2":"type-post","3":"status-publish","4":"format-standard","5":"has-post-thumbnail","7":"category-destacadas","8":"category-seguridad","9":"tag-drogas","10":"tag-policia","11":"tag-robo-con-violencia","12":"tag-san-luis","13":"tag-slp"},"_links":{"self":[{"href":"https:\/\/cronicadesoledad.com\/index.php\/wp-json\/wp\/v2\/posts\/8723","targetHints":{"allow":["GET"]}}],"collection":[{"href":"https:\/\/cronicadesoledad.com\/index.php\/wp-json\/wp\/v2\/posts"}],"about":[{"href":"https:\/\/cronicadesoledad.com\/index.php\/wp-json\/wp\/v2\/types\/post"}],"author":[{"embeddable":true,"href":"https:\/\/cronicadesoledad.com\/index.php\/wp-json\/wp\/v2\/users\/6"}],"replies":[{"embeddable":true,"href":"https:\/\/cronicadesoledad.com\/index.php\/wp-json\/wp\/v2\/comments?post=8723"}],"version-history":[{"count":1,"href":"https:\/\/cronicadesoledad.com\/index.php\/wp-json\/wp\/v2\/posts\/8723\/revisions"}],"predecessor-version":[{"id":8725,"href":"https:\/\/cronicadesoledad.com\/index.php\/wp-json\/wp\/v2\/posts\/8723\/revisions\/8725"}],"wp:featuredmedia":[{"embeddable":true,"href":"https:\/\/cronicadesoledad.com\/index.php\/wp-json\/wp\/v2\/media\/8724"}],"wp:attachment":[{"href":"https:\/\/cronicadesoledad.com\/index.php\/wp-json\/wp\/v2\/media?parent=8723"}],"wp:term":[{"taxonomy":"category","embeddable":true,"href":"https:\/\/cronicadesoledad.com\/index.php\/wp-json\/wp\/v2\/categories?post=8723"},{"taxonomy":"post_tag","embeddable":true,"href":"https:\/\/cronicadesoledad.com\/index.php\/wp-json\/wp\/v2\/tags?post=8723"}],"curies":[{"name":"wp","href":"https:\/\/api.w.org\/{rel}","templated":true}]}}