{"id":8726,"date":"2024-01-08T11:25:27","date_gmt":"2024-01-08T17:25:27","guid":{"rendered":"https:\/\/cronicadesoledad.com\/?p=8726"},"modified":"2024-01-08T11:25:27","modified_gmt":"2024-01-08T17:25:27","slug":"retrasa-juzgado-audiencia-de-amparo-contra-municipalizacion-de-pozos","status":"publish","type":"post","link":"https:\/\/cronicadesoledad.com\/index.php\/2024\/01\/08\/retrasa-juzgado-audiencia-de-amparo-contra-municipalizacion-de-pozos\/","title":{"rendered":"Retrasa Juzgado audiencia de amparo contra municipalizaci\u00f3n de Pozos"},"content":{"rendered":"\n<p>El Juzgado Primero de Distrito aplaz\u00f3 la audiencia constitucional sobre el amparo que detuvo la emisi\u00f3n del decreto del Congreso del Estado para la municipalizaci\u00f3n de Villa de Pozos, esto debido a que el tema a\u00fan est\u00e1 en un Tribunal Colegiado.<\/p>\n\n\n\n<p>Ante esta decisi\u00f3n el Juzgado decidi\u00f3 programar una reuni\u00f3n con los habitantes y promoventes de la municipalizaci\u00f3n.<\/p>\n\n\n\n<p>Al respecto, Ricardo Guti\u00e9rrez Ortega, representante de los ciudadanos de Villa de Pozos, explic\u00f3 que el caso se encuentra en un Tribunal Colegiado, luego de que la persona que interpuso el amparo, Faviola Hern\u00e1ndez Calder\u00f3n, present\u00f3 una solicitud de ampliaci\u00f3n de la demanda, por la cual el Congreso del Estado interpuso un recurso de revisi\u00f3n, mientras esto se resuelve, el Juzgado no puede desahogar la audiencia.<\/p>\n\n\n\n<p>En este sentido, la jueza Ana Ley Flores S\u00e1nchez, determin\u00f3 sostener una reuni\u00f3n con los habitantes de Pozos, el pr\u00f3ximo 23 de enero, reuni\u00f3n en la cual Guti\u00e9rrez Ortega se\u00f1al\u00f3 que pretenden exponerle la situaci\u00f3n y dejar en claro que la pretensi\u00f3n de la municipalizaci\u00f3n es leg\u00edtima y todo se ha realizado de acuerdo al marco legal respectivo.<\/p>\n\n\n\n<p>Cabe destacar que apenas el pasado 2 de enero, habitantes de Villa de Pozos bloquearon la intersecci\u00f3n del boulevard Antonio Rocha Cordero y la avenida Chapultepec, portando pancartas alusivas a la jueza Flores S\u00e1nchez, bajo un discurso contra el Partido Acci\u00f3n Nacional (PAN), a quienes acusaron de estar detr\u00e1s de la maniobra legal que evit\u00f3 la municipalizaci\u00f3n.<\/p>\n","protected":false},"excerpt":{"rendered":"<p>El Juzgado Primero de Distrito aplaz\u00f3 la audiencia constitucional sobre el amparo que detuvo la emisi\u00f3n del decreto del Congreso del Estado para la municipalizaci\u00f3n de Villa de Pozos, esto debido a que el tema a\u00fan est\u00e1 en un Tribunal Colegiado. Ante esta decisi\u00f3n el Juzgado decidi\u00f3 programar una reuni\u00f3n con los habitantes y promoventes [&hellip;]<\/p>\n","protected":false},"author":6,"featured_media":8727,"comment_status":"open","ping_status":"open","sticky":false,"template":"","format":"standard","meta":{"footnotes":""},"categories":[30,1],"tags":[1223,1067,294,261,1068],"class_list":{"0":"post-8726","1":"post","2":"type-post","3":"status-publish","4":"format-standard","5":"has-post-thumbnail","7":"category-de-la-region-centro","8":"category-destacadas","9":"tag-municipalizacion-pozos","10":"tag-pozos","11":"tag-san-luis","12":"tag-slp","13":"tag-villa-de-pozos"},"_links":{"self":[{"href":"https:\/\/cronicadesoledad.com\/index.php\/wp-json\/wp\/v2\/posts\/8726","targetHints":{"allow":["GET"]}}],"collection":[{"href":"https:\/\/cronicadesoledad.com\/index.php\/wp-json\/wp\/v2\/posts"}],"about":[{"href":"https:\/\/cronicadesoledad.com\/index.php\/wp-json\/wp\/v2\/types\/post"}],"author":[{"embeddable":true,"href":"https:\/\/cronicadesoledad.com\/index.php\/wp-json\/wp\/v2\/users\/6"}],"replies":[{"embeddable":true,"href":"https:\/\/cronicadesoledad.com\/index.php\/wp-json\/wp\/v2\/comments?post=8726"}],"version-history":[{"count":1,"href":"https:\/\/cronicadesoledad.com\/index.php\/wp-json\/wp\/v2\/posts\/8726\/revisions"}],"predecessor-version":[{"id":8728,"href":"https:\/\/cronicadesoledad.com\/index.php\/wp-json\/wp\/v2\/posts\/8726\/revisions\/8728"}],"wp:featuredmedia":[{"embeddable":true,"href":"https:\/\/cronicadesoledad.com\/index.php\/wp-json\/wp\/v2\/media\/8727"}],"wp:attachment":[{"href":"https:\/\/cronicadesoledad.com\/index.php\/wp-json\/wp\/v2\/media?parent=8726"}],"wp:term":[{"taxonomy":"category","embeddable":true,"href":"https:\/\/cronicadesoledad.com\/index.php\/wp-json\/wp\/v2\/categories?post=8726"},{"taxonomy":"post_tag","embeddable":true,"href":"https:\/\/cronicadesoledad.com\/index.php\/wp-json\/wp\/v2\/tags?post=8726"}],"curies":[{"name":"wp","href":"https:\/\/api.w.org\/{rel}","templated":true}]}}