{"id":8759,"date":"2024-01-08T12:34:47","date_gmt":"2024-01-08T18:34:47","guid":{"rendered":"https:\/\/cronicadesoledad.com\/?p=8759"},"modified":"2024-01-08T12:34:47","modified_gmt":"2024-01-08T18:34:47","slug":"buscan-a-joven-no-localizado","status":"publish","type":"post","link":"https:\/\/cronicadesoledad.com\/index.php\/2024\/01\/08\/buscan-a-joven-no-localizado\/","title":{"rendered":"Buscan a joven no localizado\u00a0"},"content":{"rendered":"\n<p>VILLA DE REYES. &#8211; Desde el pasado 30 de diciembre, un joven identificado como Miguel \u00c1ngel Hern\u00e1ndez Pulido, quien cuenta con 21 a\u00f1os de edad, se encuentra desaparecido, su familia present\u00f3 la denuncia de pesquisa. Se han movilizado a trav\u00e9s de redes sociales para tratar de encontrarlo. La Comisi\u00f3n Estatal de B\u00fasqueda de Personas emiti\u00f3 una alerta de b\u00fasqueda, pero hasta el momento no se han obtenido buenos resultados.&nbsp;<\/p>\n\n\n\n<p>El padre del joven no localizado, as\u00ed como el resto de la familia, a trav\u00e9s de redes sociales piden la solidaridad de la poblaci\u00f3n en general para que compartan la alerta de b\u00fasqueda de Miguel \u00c1ngel. Tal es la desesperaci\u00f3n que, en otros municipios, como Santa Mar\u00eda del R\u00edo, amaneci\u00f3 con pitas el lunes pasado con el mensaje, \u201c\u00bfD\u00f3nde est\u00e1s Miguel \u00c1ngel?\u201d.&nbsp;<\/p>\n\n\n\n<p>Se se\u00f1ala que desapareci\u00f3 de la localidad El Salitral, en Villa de Reyes, el s\u00e1bado 30 de diciembre, del a\u00f1o pasado, pero extra\u00f1amente indican que fue a las 18:05 horas cuando desapareci\u00f3, es raro que sepan con exactitud la hora de su desaparici\u00f3n.&nbsp;<\/p>\n\n\n\n<p>Una persona, al parecer el pap\u00e1 dej\u00f3 en redes sociales el siguiente mensaje; \u201cPago por cada vez que publiquen la ficha de b\u00fasqueda de mi hijo, en grupos o cualquier p\u00e1gina\u201d. Eso refleja la angustia que vive la familia de Miguel \u00c1ngel.&nbsp;<\/p>\n\n\n\n<p>Miguel \u00c1ngel Hern\u00e1ndez Pulido cuenta con 21 a\u00f1os de edad, 1.64 Mts., de estatura, 65 Kgs., de peso, complexi\u00f3n delgada, tez morena, barba cerrada, recortada, ojos medianos, caf\u00e9 claro, cejas pobladas, boca grande, labios gruesos, orejas grandes, cabello negro, corto y lacio.&nbsp;<\/p>\n\n\n\n<p>Como se\u00f1as particulares tiene; tatuaje de una espada en cada una de las mu\u00f1ecas, imagen de un perro pitbull en ambos lados del t\u00f3rax, en la parte superior del brazo derecho tiene una Santa Muerte y en la parte inferior la imagen de una calavera. Tiene un piercing en la parte central de la nariz y expansiones en cada una de las orejas.&nbsp;<\/p>\n\n\n\n<p>Vest\u00eda; playera tipo polo, blanca pantal\u00f3n de mezclilla gris, gorras tipo bonete, gris, azul rey, tenis Nike, blanco y trae lentes oscuros.&nbsp;<\/p>\n","protected":false},"excerpt":{"rendered":"<p>VILLA DE REYES. &#8211; Desde el pasado 30 de diciembre, un joven identificado como Miguel \u00c1ngel Hern\u00e1ndez Pulido, quien cuenta con 21 a\u00f1os de edad, se encuentra desaparecido, su familia present\u00f3 la denuncia de pesquisa. Se han movilizado a trav\u00e9s de redes sociales para tratar de encontrarlo. La Comisi\u00f3n Estatal de B\u00fasqueda de Personas emiti\u00f3 [&hellip;]<\/p>\n","protected":false},"author":6,"featured_media":8760,"comment_status":"open","ping_status":"open","sticky":false,"template":"","format":"standard","meta":{"footnotes":""},"categories":[30,1],"tags":[1396,1397,294,261,900],"class_list":{"0":"post-8759","1":"post","2":"type-post","3":"status-publish","4":"format-standard","5":"has-post-thumbnail","7":"category-de-la-region-centro","8":"category-destacadas","9":"tag-desaparicion","10":"tag-joven-desaparecido","11":"tag-san-luis","12":"tag-slp","13":"tag-villa-de-reyes"},"_links":{"self":[{"href":"https:\/\/cronicadesoledad.com\/index.php\/wp-json\/wp\/v2\/posts\/8759","targetHints":{"allow":["GET"]}}],"collection":[{"href":"https:\/\/cronicadesoledad.com\/index.php\/wp-json\/wp\/v2\/posts"}],"about":[{"href":"https:\/\/cronicadesoledad.com\/index.php\/wp-json\/wp\/v2\/types\/post"}],"author":[{"embeddable":true,"href":"https:\/\/cronicadesoledad.com\/index.php\/wp-json\/wp\/v2\/users\/6"}],"replies":[{"embeddable":true,"href":"https:\/\/cronicadesoledad.com\/index.php\/wp-json\/wp\/v2\/comments?post=8759"}],"version-history":[{"count":1,"href":"https:\/\/cronicadesoledad.com\/index.php\/wp-json\/wp\/v2\/posts\/8759\/revisions"}],"predecessor-version":[{"id":8761,"href":"https:\/\/cronicadesoledad.com\/index.php\/wp-json\/wp\/v2\/posts\/8759\/revisions\/8761"}],"wp:featuredmedia":[{"embeddable":true,"href":"https:\/\/cronicadesoledad.com\/index.php\/wp-json\/wp\/v2\/media\/8760"}],"wp:attachment":[{"href":"https:\/\/cronicadesoledad.com\/index.php\/wp-json\/wp\/v2\/media?parent=8759"}],"wp:term":[{"taxonomy":"category","embeddable":true,"href":"https:\/\/cronicadesoledad.com\/index.php\/wp-json\/wp\/v2\/categories?post=8759"},{"taxonomy":"post_tag","embeddable":true,"href":"https:\/\/cronicadesoledad.com\/index.php\/wp-json\/wp\/v2\/tags?post=8759"}],"curies":[{"name":"wp","href":"https:\/\/api.w.org\/{rel}","templated":true}]}}