{"id":8762,"date":"2024-01-08T18:00:00","date_gmt":"2024-01-09T00:00:00","guid":{"rendered":"https:\/\/cronicadesoledad.com\/?p=8762"},"modified":"2024-01-08T17:01:24","modified_gmt":"2024-01-08T23:01:24","slug":"saldo-blanco-en-dispositivos-de-vigilancia-en-escuelas","status":"publish","type":"post","link":"https:\/\/cronicadesoledad.com\/index.php\/2024\/01\/08\/saldo-blanco-en-dispositivos-de-vigilancia-en-escuelas\/","title":{"rendered":"Saldo blanco en dispositivos de vigilancia en escuelas"},"content":{"rendered":"\n<p>Tras culminar el periodo vacacional este domingo para 215 escuelas de educaci\u00f3n b\u00e1sica en Soledad de Graciano S\u00e1nchez, se tiene reporte de saldo blanco en cuanto a los dispositivos de vigilancia que se implementaron para asegurar las buenas condiciones de estos edificios, afirm\u00f3 el titular de Educaci\u00f3n y Acci\u00f3n C\u00edvica, Jos\u00e9 Juan Castro Castillo.<\/p>\n\n\n\n<p>Este \u00e9xito se atribuye a la respuesta efectiva al llamado de la Alcaldesa, Leonor Noyola Cervantes, quien inst\u00f3 a fortalecer la seguridad en los planteles educativos, priorizando la protecci\u00f3n del patrimonio de las ni\u00f1as, ni\u00f1os y adolescentes soledenses, mediante la coordinaci\u00f3n permanente entre Seguridad P\u00fablica Municipal, directivos escolares, asociaciones de madres y padres de familia y el Ayuntamiento, dijo.<\/p>\n\n\n\n<p>En este sentido, expres\u00f3 su agradecimiento a las y los padres de familia, maestros, miembros de la comunidad as\u00ed como a la Direcci\u00f3n de Seguridad P\u00fablica Municipal por la colaboraci\u00f3n y coordinaci\u00f3n ejemplar, &#8220;el \u00e1rea de Proximidad Social nos apoy\u00f3 visitando a vecinos, sabemos que no todos los padres de familia son vecinos, por lo que a trav\u00e9s de ellos, si ve\u00edan alguna persona sospechosa se reportaran inmediatamente a lo que es la polic\u00eda municipal y se llevaba a cabo un rond\u00edn, abonando a que hasta ahorita no tengamos ning\u00fan reporte de da\u00f1o o robo&#8221;.<\/p>\n\n\n\n<p>Reconoci\u00f3 que esta colaboraci\u00f3n se ha hecho m\u00e1s efectiva y se han perfeccionado los tiempos de respuesta y la comunicaci\u00f3n a trav\u00e9s de grupos de WhatsApp; la vigilancia y presencia policiaca ha sido m\u00e1s frecuente y las y los padres de familia han sido mayormente colaborativos, coadyuvando a proteger los espacios de aprendizaje de 48 mil alumnas y alumnos que regresaron a clases este lunes.<\/p>\n\n\n\n<p>Castro Castillo reiter\u00f3 el compromiso continuo con la seguridad y el progreso educativo en el municipio de Soledad de Graciano S\u00e1nchez y adelant\u00f3 que la vigilancia en los planteles se mantendr\u00e1 durante la temporada de clases para salvaguardar la integridad y el patrimonio de las y los estudiantes soledenses.<\/p>\n","protected":false},"excerpt":{"rendered":"<p>Tras culminar el periodo vacacional este domingo para 215 escuelas de educaci\u00f3n b\u00e1sica en Soledad de Graciano S\u00e1nchez, se tiene reporte de saldo blanco en cuanto a los dispositivos de vigilancia que se implementaron para asegurar las buenas condiciones de estos edificios, afirm\u00f3 el titular de Educaci\u00f3n y Acci\u00f3n C\u00edvica, Jos\u00e9 Juan Castro Castillo. Este [&hellip;]<\/p>\n","protected":false},"author":2,"featured_media":8763,"comment_status":"open","ping_status":"open","sticky":false,"template":"","format":"standard","meta":{"footnotes":""},"categories":[24,19,21],"tags":[81,223,565,29,294,261,27,447],"class_list":{"0":"post-8762","1":"post","2":"type-post","3":"status-publish","4":"format-standard","5":"has-post-thumbnail","7":"category-informacion-general","8":"category-seguridad","9":"category-tu-soledad","10":"tag-alcaldesa-soledense","11":"tag-ayuntamiento-soledense","12":"tag-escuelas","13":"tag-leonor-noyola","14":"tag-san-luis","15":"tag-slp","16":"tag-soledad","17":"tag-vigilancia"},"_links":{"self":[{"href":"https:\/\/cronicadesoledad.com\/index.php\/wp-json\/wp\/v2\/posts\/8762","targetHints":{"allow":["GET"]}}],"collection":[{"href":"https:\/\/cronicadesoledad.com\/index.php\/wp-json\/wp\/v2\/posts"}],"about":[{"href":"https:\/\/cronicadesoledad.com\/index.php\/wp-json\/wp\/v2\/types\/post"}],"author":[{"embeddable":true,"href":"https:\/\/cronicadesoledad.com\/index.php\/wp-json\/wp\/v2\/users\/2"}],"replies":[{"embeddable":true,"href":"https:\/\/cronicadesoledad.com\/index.php\/wp-json\/wp\/v2\/comments?post=8762"}],"version-history":[{"count":1,"href":"https:\/\/cronicadesoledad.com\/index.php\/wp-json\/wp\/v2\/posts\/8762\/revisions"}],"predecessor-version":[{"id":8764,"href":"https:\/\/cronicadesoledad.com\/index.php\/wp-json\/wp\/v2\/posts\/8762\/revisions\/8764"}],"wp:featuredmedia":[{"embeddable":true,"href":"https:\/\/cronicadesoledad.com\/index.php\/wp-json\/wp\/v2\/media\/8763"}],"wp:attachment":[{"href":"https:\/\/cronicadesoledad.com\/index.php\/wp-json\/wp\/v2\/media?parent=8762"}],"wp:term":[{"taxonomy":"category","embeddable":true,"href":"https:\/\/cronicadesoledad.com\/index.php\/wp-json\/wp\/v2\/categories?post=8762"},{"taxonomy":"post_tag","embeddable":true,"href":"https:\/\/cronicadesoledad.com\/index.php\/wp-json\/wp\/v2\/tags?post=8762"}],"curies":[{"name":"wp","href":"https:\/\/api.w.org\/{rel}","templated":true}]}}