{"id":8809,"date":"2024-01-09T19:00:00","date_gmt":"2024-01-10T01:00:00","guid":{"rendered":"https:\/\/cronicadesoledad.com\/?p=8809"},"modified":"2024-01-09T19:27:18","modified_gmt":"2024-01-10T01:27:18","slug":"saldo-blanco-tras-fuertes-vientos-pc-municipal","status":"publish","type":"post","link":"https:\/\/cronicadesoledad.com\/index.php\/2024\/01\/09\/saldo-blanco-tras-fuertes-vientos-pc-municipal\/","title":{"rendered":"Saldo blanco tras fuertes vientos: PC Municipal"},"content":{"rendered":"\n<p>La Coordinaci\u00f3n Municipal de Protecci\u00f3n Civil Municipal de Soledad de Graciano S\u00e1nchez, en conjunto con diferentes \u00e1reas del Ayuntamiento, despleg\u00f3 un integral operativo para atender incidencias ocasionadas por las fuertes r\u00e1fagas de viento que azotaron la localidad desde la noche del domingo hasta la noche del lunes, dejando un saldo de 16 reportes de \u00e1rboles ca\u00eddos atendidos.<\/p>\n\n\n\n<p>Mart\u00edn Bravo Galicia, titular de la dependencia, inform\u00f3 que de la cantidad de casos antes mencionada, tres de estos se trataban de la inclinaci\u00f3n de arbustos sobre bardas sin que el hecho ocasionara da\u00f1os mayores. Los lugares donde ocurrieron las incidencias fueron en tramos del bulevar Valle de los Fantasmas, Hogares Ferrocarrileros Segunda Secci\u00f3n, San \u00c1ngel, Cabecera Municipal, Unidad Ponciano Arriaga (UPA), Fracci\u00f3n Rivera, Central de Maquinaria, Praderas del Maurel, entre otros.<\/p>\n\n\n\n<p>Inform\u00f3 que, a temprana hora de este martes 9 de enero, se atendi\u00f3 oportunamente el reporte de un \u00e1rbol recargado en la barda perimetral de la escuela \u201cFrancisco Gonz\u00e1lez Bocanegra\u201d en Avenida de los Pinos en la colonia Hogares Ferrocarrileros, en donde se procedi\u00f3 a talar la rama de siete metros que cay\u00f3 sobre la infraestructura sin provocar da\u00f1os mayores. Tambi\u00e9n se retir\u00f3 un \u00e1rbol que cay\u00f3 en la Avenida Libertad frente, en donde se procedi\u00f3 a retirar el arbusto en su totalidad para liberar el paso de peatones y veh\u00edculos<\/p>\n\n\n\n<p>Al momento, \u201cse reporta saldo blanco ya que las incidencias registradas no afectaron el patrimonio ni la integridad de las y los soledenses\u201d, dijo Bravo Galicia, quien destac\u00f3 la importancia de la labor preventiva se\u00f1alando que la inspecci\u00f3n constante de arbustos en la localidad permiti\u00f3 identificar y podar aquellos considerados de riesgo antes de que se presentaran condiciones climatol\u00f3gicas adversas.<\/p>\n\n\n\n<p>El titular de la corporaci\u00f3n de rescate anunci\u00f3 que el monitoreo se mantendr\u00e1 de forma permanente, y adelant\u00f3 que para las pr\u00f3ximas horas se prev\u00e9 la presencia de fuertes r\u00e1fagas de viento en el municipio, por ello pidi\u00f3 a la poblaci\u00f3n mantenerse pendiente de las recomendaciones que emita la autoridad a trav\u00e9s de los canales oficiales de informaci\u00f3n.<\/p>\n","protected":false},"excerpt":{"rendered":"<p>La Coordinaci\u00f3n Municipal de Protecci\u00f3n Civil Municipal de Soledad de Graciano S\u00e1nchez, en conjunto con diferentes \u00e1reas del Ayuntamiento, despleg\u00f3 un integral operativo para atender incidencias ocasionadas por las fuertes r\u00e1fagas de viento que azotaron la localidad desde la noche del domingo hasta la noche del lunes, dejando un saldo de 16 reportes de \u00e1rboles [&hellip;]<\/p>\n","protected":false},"author":2,"featured_media":8810,"comment_status":"open","ping_status":"open","sticky":false,"template":"","format":"standard","meta":{"footnotes":""},"categories":[24,19,21],"tags":[223,525,294,276,261,27,1398],"class_list":{"0":"post-8809","1":"post","2":"type-post","3":"status-publish","4":"format-standard","5":"has-post-thumbnail","7":"category-informacion-general","8":"category-seguridad","9":"category-tu-soledad","10":"tag-ayuntamiento-soledense","11":"tag-proteccion-civil","12":"tag-san-luis","13":"tag-seguridad","14":"tag-slp","15":"tag-soledad","16":"tag-vientos"},"_links":{"self":[{"href":"https:\/\/cronicadesoledad.com\/index.php\/wp-json\/wp\/v2\/posts\/8809","targetHints":{"allow":["GET"]}}],"collection":[{"href":"https:\/\/cronicadesoledad.com\/index.php\/wp-json\/wp\/v2\/posts"}],"about":[{"href":"https:\/\/cronicadesoledad.com\/index.php\/wp-json\/wp\/v2\/types\/post"}],"author":[{"embeddable":true,"href":"https:\/\/cronicadesoledad.com\/index.php\/wp-json\/wp\/v2\/users\/2"}],"replies":[{"embeddable":true,"href":"https:\/\/cronicadesoledad.com\/index.php\/wp-json\/wp\/v2\/comments?post=8809"}],"version-history":[{"count":1,"href":"https:\/\/cronicadesoledad.com\/index.php\/wp-json\/wp\/v2\/posts\/8809\/revisions"}],"predecessor-version":[{"id":8811,"href":"https:\/\/cronicadesoledad.com\/index.php\/wp-json\/wp\/v2\/posts\/8809\/revisions\/8811"}],"wp:featuredmedia":[{"embeddable":true,"href":"https:\/\/cronicadesoledad.com\/index.php\/wp-json\/wp\/v2\/media\/8810"}],"wp:attachment":[{"href":"https:\/\/cronicadesoledad.com\/index.php\/wp-json\/wp\/v2\/media?parent=8809"}],"wp:term":[{"taxonomy":"category","embeddable":true,"href":"https:\/\/cronicadesoledad.com\/index.php\/wp-json\/wp\/v2\/categories?post=8809"},{"taxonomy":"post_tag","embeddable":true,"href":"https:\/\/cronicadesoledad.com\/index.php\/wp-json\/wp\/v2\/tags?post=8809"}],"curies":[{"name":"wp","href":"https:\/\/api.w.org\/{rel}","templated":true}]}}