{"id":8815,"date":"2024-01-09T21:00:00","date_gmt":"2024-01-10T03:00:00","guid":{"rendered":"https:\/\/cronicadesoledad.com\/?p=8815"},"modified":"2024-01-09T19:30:54","modified_gmt":"2024-01-10T01:30:54","slug":"gallardo-y-leonor-llevan-mas-infraestructura-educativa-a-escuelas-soledenses","status":"publish","type":"post","link":"https:\/\/cronicadesoledad.com\/index.php\/2024\/01\/09\/gallardo-y-leonor-llevan-mas-infraestructura-educativa-a-escuelas-soledenses\/","title":{"rendered":"Gallardo y Leonor llevan m\u00e1s infraestructura educativa a escuelas soledenses"},"content":{"rendered":"\n<p>Totalmente agradecidos y emocionados por recibir una escuela renovada y como nunca la imaginaban, alumnado, docentes y padres de familia de las escuelas primarias \u201cFrancisco Gonz\u00e1lez Bocanegra\u201d del turno matutino y \u201cH\u00e9roes de Nacozari\u201d del turno vespertino, en la colonia Hogares Ferrocarrileros; y \u201cNereo Rodr\u00edguez Barrag\u00e1n\u201d del matutino y el \u201cProf. Gabriel Oros Castillo\u201d del vespertino, en Quintas de la Hacienda, aplaudieron los trabajos de remodelaci\u00f3n y reconstrucci\u00f3n por parte del Mandatario, Ricardo Gallardo y la edil de Soledad de Graciano S\u00e1nchez, Leonor Noyola.<\/p>\n\n\n\n<p>El proyecto de mejoramiento en el plantel de la colonia Hogares Ferrocarrileros, comprendieron la construcci\u00f3n y equipamiento de 6 nuevas aulas, dos de ellas did\u00e1cticas, adem\u00e1s de m\u00faltiples instalaciones deportivas y recreativas con una inversi\u00f3n de m\u00e1s de 16 millones de pesos. Asimismo, la renovaci\u00f3n de infraestructura en la instituci\u00f3n de Quintas de la Hacienda englob\u00f3 una serie de obras de reconstrucci\u00f3n total en todo el plantel, con un presupuesto de 11.3 millones de pesos.<\/p>\n\n\n\n<p>Ante esto, David Vargas Silva, maestro de apoyo en la primaria \u201cH\u00e9roe de Nacozari\u201d, expres\u00f3 su satisfacci\u00f3n con el apoyo otorgado por las autoridades municipales y estatales, &#8220;este nuevo modelo de aulas inclusivas nos va a fortalecer mucho ya que nos van a ayudar a que nuestros alumnos tengan un mejor desempe\u00f1o adaptado a sus necesidades\u201d; agradeci\u00f3 el apoyo y se comprometi\u00f3 a aprovecharlos de la mejor manera para el beneficio de las y los alumnos.<\/p>\n\n\n\n<p>\u201cAgradecida de contar con estas aulas inclusivas para llevar a cabo mi labor profesional, ya que esto nos permitir\u00e1 apoyar a todos los ni\u00f1os que tienen alguna capacidad diferente, antes no cont\u00e1bamos con los espacios adecuados\u201d, mencion\u00f3 Aid\u00e9 Navarro, maestra de apoyo de la misma primaria, quien adem\u00e1s reconoci\u00f3 que las y los alumnos se encuentran felices con las nuevas instalaciones.&nbsp;<\/p>\n\n\n\n<p>Mar\u00eda Concepci\u00f3n Tovar Lim\u00f3n, madre de una alumna de la primaria \u201cNereo Rodr\u00edguez Barrag\u00e1n\u201d, comparti\u00f3 que las nuevas aulas ser\u00e1n de gran apoyo para todas y todos los alumnos, donde anteriormente enfrentaban grandes dificultades ya que los techos de los salones eran de l\u00e1mina \u201cagradecemos a la Alcaldesa y al Gobernador, hoy tenemos una escuela nueva y no vamos a sufrir de las complicaciones del clima\u201d.<\/p>\n\n\n\n<p>Por su parte, Ana Mar\u00eda Esparza Colunga expres\u00f3: \u201cqueremos dar las gracias en nombre de la escuela \u201cNereo Rodr\u00edguez Barrag\u00e1n\u201d por la construcci\u00f3n de esta escuela, una escuela digna para todos los ni\u00f1os, de verdad muchas gracias\u201d.<\/p>\n\n\n\n<p>Finalmente, Adri\u00e1n Hern\u00e1ndez, padre de familia y vecino de la colonia Villa de Cactus, adem\u00e1s de agradecer y reconocer las nuevas instalaciones se comprometi\u00f3 a cuidar junto con los vecinos a cuidar la nueva escuela y mantenerla en \u00f3ptimas condiciones para el buen desarrollo acad\u00e9mico de todas y todos los estudiantes.<\/p>\n","protected":false},"excerpt":{"rendered":"<p>Totalmente agradecidos y emocionados por recibir una escuela renovada y como nunca la imaginaban, alumnado, docentes y padres de familia de las escuelas primarias \u201cFrancisco Gonz\u00e1lez Bocanegra\u201d del turno matutino y \u201cH\u00e9roes de Nacozari\u201d del turno vespertino, en la colonia Hogares Ferrocarrileros; y \u201cNereo Rodr\u00edguez Barrag\u00e1n\u201d del matutino y el \u201cProf. Gabriel Oros Castillo\u201d del [&hellip;]<\/p>\n","protected":false},"author":2,"featured_media":8816,"comment_status":"open","ping_status":"open","sticky":false,"template":"","format":"standard","meta":{"footnotes":""},"categories":[1,24,21],"tags":[223,320,565,1158,1411,29,1160,294,261,27],"class_list":{"0":"post-8815","1":"post","2":"type-post","3":"status-publish","4":"format-standard","5":"has-post-thumbnail","7":"category-destacadas","8":"category-informacion-general","9":"category-tu-soledad","10":"tag-ayuntamiento-soledense","11":"tag-educacion","12":"tag-escuelas","13":"tag-gobierno-del-estado","14":"tag-infraestructura-educativa","15":"tag-leonor-noyola","16":"tag-ricardo-gallardo-cardona","17":"tag-san-luis","18":"tag-slp","19":"tag-soledad"},"_links":{"self":[{"href":"https:\/\/cronicadesoledad.com\/index.php\/wp-json\/wp\/v2\/posts\/8815","targetHints":{"allow":["GET"]}}],"collection":[{"href":"https:\/\/cronicadesoledad.com\/index.php\/wp-json\/wp\/v2\/posts"}],"about":[{"href":"https:\/\/cronicadesoledad.com\/index.php\/wp-json\/wp\/v2\/types\/post"}],"author":[{"embeddable":true,"href":"https:\/\/cronicadesoledad.com\/index.php\/wp-json\/wp\/v2\/users\/2"}],"replies":[{"embeddable":true,"href":"https:\/\/cronicadesoledad.com\/index.php\/wp-json\/wp\/v2\/comments?post=8815"}],"version-history":[{"count":1,"href":"https:\/\/cronicadesoledad.com\/index.php\/wp-json\/wp\/v2\/posts\/8815\/revisions"}],"predecessor-version":[{"id":8817,"href":"https:\/\/cronicadesoledad.com\/index.php\/wp-json\/wp\/v2\/posts\/8815\/revisions\/8817"}],"wp:featuredmedia":[{"embeddable":true,"href":"https:\/\/cronicadesoledad.com\/index.php\/wp-json\/wp\/v2\/media\/8816"}],"wp:attachment":[{"href":"https:\/\/cronicadesoledad.com\/index.php\/wp-json\/wp\/v2\/media?parent=8815"}],"wp:term":[{"taxonomy":"category","embeddable":true,"href":"https:\/\/cronicadesoledad.com\/index.php\/wp-json\/wp\/v2\/categories?post=8815"},{"taxonomy":"post_tag","embeddable":true,"href":"https:\/\/cronicadesoledad.com\/index.php\/wp-json\/wp\/v2\/tags?post=8815"}],"curies":[{"name":"wp","href":"https:\/\/api.w.org\/{rel}","templated":true}]}}