{"id":8846,"date":"2024-01-10T21:00:00","date_gmt":"2024-01-11T03:00:00","guid":{"rendered":"https:\/\/cronicadesoledad.com\/?p=8846"},"modified":"2024-01-10T20:25:51","modified_gmt":"2024-01-11T02:25:51","slug":"campana-matrimonios-colectivos-2024-formalizara-union-de-parejas-soledenses","status":"publish","type":"post","link":"https:\/\/cronicadesoledad.com\/index.php\/2024\/01\/10\/campana-matrimonios-colectivos-2024-formalizara-union-de-parejas-soledenses\/","title":{"rendered":"Campa\u00f1a &#8220;Matrimonios Colectivos 2024&#8221; formalizar\u00e1 uni\u00f3n de parejas soledenses"},"content":{"rendered":"\n<p>Atendiendo la convocatoria del Sistema Estatal para el Desarrollo Integral de la Familia (DIF), en coordinaci\u00f3n con el DIF Municipal y las siete Oficial\u00edas del Registro Civil, el Ayuntamiento de Soledad de Graciano S\u00e1nchez se une a la invitaci\u00f3n para la celebraci\u00f3n del programa Matrimonios Colectivos 2024, el cual se llevar\u00e1 a cabo el pr\u00f3ximo 14 de febrero, D\u00eda del Amor y la Amistad, de forma simult\u00e1nea en todos los municipios del Estado potosino.<\/p>\n\n\n\n<p>Juana Mar\u00eda Morquecho Medina, titular de la Oficial\u00eda Primera del Registro Civil, inform\u00f3 que este programa resalta la importancia de brindar certeza legal a las relaciones de las parejas soledenses, sus hijas e hijos, y seguir contribuyendo al fortalecimiento del tejido familiar y social, como base de la convivencia y el desarrollo de una comunidad.<\/p>\n\n\n\n<p>Inform\u00f3 que en el evento de Matrimonios Colectivos del a\u00f1o pasado se unieron en lo civil aproximadamente cien parejas, y se espera superar esta cifra en el 2024, por lo que las y los titulares de las siete Oficial\u00edas invitan a hombres y mujeres que est\u00e9n en uni\u00f3n a otorgar formalidad a su relaci\u00f3n y contribuir a la construcci\u00f3n de una sociedad m\u00e1s equitativa y con derechos para todas y todos.<\/p>\n\n\n\n<p>\u201cLas parejas interesadas en unirse en matrimonio civil durante la ceremonia simult\u00e1nea gratuita deber\u00e1n presentar los siguientes documentos: acta de nacimiento, identificaci\u00f3n oficial como el INE, estudios m\u00e9dicos prenupciales y dos testigos por cada miembro de la pareja\u201d, y llevarlos a la Oficial\u00eda de su correspondencia en donde llenar\u00e1n la solicitud correspondiente. Las Oficial\u00edas est\u00e1n distribuidas estrat\u00e9gicamente en el municipio y su domicilio puede consultarse en el directorio del Ayuntamiento en la web: <a href=\"https:\/\/www.municipiosoledad.gob.mx\/directorio\">https:\/\/www.municipiosoledad.gob.mx\/directorio<\/a>.<\/p>\n\n\n\n<p>Adem\u00e1s, resalt\u00f3 que, con el objetivo de promover la inclusi\u00f3n, la convocatoria est\u00e1 abierta para parejas del mismo sexo que busquen formalizar su uni\u00f3n, desde hace varios a\u00f1os en Soledad; recordando que, en el 2023, se celebraron siete matrimonios igualitarios s\u00f3lo en esta Oficial\u00eda.<\/p>\n","protected":false},"excerpt":{"rendered":"<p>Atendiendo la convocatoria del Sistema Estatal para el Desarrollo Integral de la Familia (DIF), en coordinaci\u00f3n con el DIF Municipal y las siete Oficial\u00edas del Registro Civil, el Ayuntamiento de Soledad de Graciano S\u00e1nchez se une a la invitaci\u00f3n para la celebraci\u00f3n del programa Matrimonios Colectivos 2024, el cual se llevar\u00e1 a cabo el pr\u00f3ximo [&hellip;]<\/p>\n","protected":false},"author":2,"featured_media":8211,"comment_status":"open","ping_status":"open","sticky":false,"template":"","format":"standard","meta":{"footnotes":""},"categories":[1,24,21],"tags":[223,499,1430,1429,1275,294,261,27],"class_list":{"0":"post-8846","1":"post","2":"type-post","3":"status-publish","4":"format-standard","5":"has-post-thumbnail","7":"category-destacadas","8":"category-informacion-general","9":"category-tu-soledad","10":"tag-ayuntamiento-soledense","11":"tag-dif-municipal","12":"tag-matrimonio","13":"tag-parejas","14":"tag-registro-civil","15":"tag-san-luis","16":"tag-slp","17":"tag-soledad"},"_links":{"self":[{"href":"https:\/\/cronicadesoledad.com\/index.php\/wp-json\/wp\/v2\/posts\/8846","targetHints":{"allow":["GET"]}}],"collection":[{"href":"https:\/\/cronicadesoledad.com\/index.php\/wp-json\/wp\/v2\/posts"}],"about":[{"href":"https:\/\/cronicadesoledad.com\/index.php\/wp-json\/wp\/v2\/types\/post"}],"author":[{"embeddable":true,"href":"https:\/\/cronicadesoledad.com\/index.php\/wp-json\/wp\/v2\/users\/2"}],"replies":[{"embeddable":true,"href":"https:\/\/cronicadesoledad.com\/index.php\/wp-json\/wp\/v2\/comments?post=8846"}],"version-history":[{"count":1,"href":"https:\/\/cronicadesoledad.com\/index.php\/wp-json\/wp\/v2\/posts\/8846\/revisions"}],"predecessor-version":[{"id":8847,"href":"https:\/\/cronicadesoledad.com\/index.php\/wp-json\/wp\/v2\/posts\/8846\/revisions\/8847"}],"wp:featuredmedia":[{"embeddable":true,"href":"https:\/\/cronicadesoledad.com\/index.php\/wp-json\/wp\/v2\/media\/8211"}],"wp:attachment":[{"href":"https:\/\/cronicadesoledad.com\/index.php\/wp-json\/wp\/v2\/media?parent=8846"}],"wp:term":[{"taxonomy":"category","embeddable":true,"href":"https:\/\/cronicadesoledad.com\/index.php\/wp-json\/wp\/v2\/categories?post=8846"},{"taxonomy":"post_tag","embeddable":true,"href":"https:\/\/cronicadesoledad.com\/index.php\/wp-json\/wp\/v2\/tags?post=8846"}],"curies":[{"name":"wp","href":"https:\/\/api.w.org\/{rel}","templated":true}]}}