{"id":8878,"date":"2024-01-12T10:30:00","date_gmt":"2024-01-12T16:30:00","guid":{"rendered":"https:\/\/cronicadesoledad.com\/?p=8878"},"modified":"2024-01-11T12:29:52","modified_gmt":"2024-01-11T18:29:52","slug":"agnes-keleti-la-ganadora-olimpica-mas-longeva","status":"publish","type":"post","link":"https:\/\/cronicadesoledad.com\/index.php\/2024\/01\/12\/agnes-keleti-la-ganadora-olimpica-mas-longeva\/","title":{"rendered":"\u00c1gnes Keleti, la ganadora ol\u00edmpica m\u00e1s longeva\u00a0"},"content":{"rendered":"\n<h2 class=\"wp-block-heading\">El pasado 9 de enero la gimnasta cumpli\u00f3 103 a\u00f1os.&nbsp;<\/h2>\n\n\n\n<p>Originaria de Hungr\u00eda, Keleti, comenz\u00f3 en la gimnasia a los cuatro a\u00f1os y debut\u00f3 como representante ol\u00edmpica en 1952 en los Juegos desarrollados en Helsinki. En esa ocasi\u00f3n obtuvo un oro, una plata y dos bronces. En Melbourne 1956 acudi\u00f3 como parte d ella representaci\u00f3n de su pa\u00eds.\u00a0<\/p>\n\n\n\n<figure class=\"wp-block-image size-large\"><img loading=\"lazy\" decoding=\"async\" width=\"1024\" height=\"901\" src=\"https:\/\/cronicadesoledad.com\/wp-content\/uploads\/2024\/01\/image-23-1024x901.png\" alt=\"\" class=\"wp-image-8879\" srcset=\"https:\/\/cronicadesoledad.com\/wp-content\/uploads\/2024\/01\/image-23-1024x901.png 1024w, https:\/\/cronicadesoledad.com\/wp-content\/uploads\/2024\/01\/image-23-300x264.png 300w, https:\/\/cronicadesoledad.com\/wp-content\/uploads\/2024\/01\/image-23-768x676.png 768w, https:\/\/cronicadesoledad.com\/wp-content\/uploads\/2024\/01\/image-23-696x613.png 696w, https:\/\/cronicadesoledad.com\/wp-content\/uploads\/2024\/01\/image-23.png 1051w\" sizes=\"auto, (max-width: 1024px) 100vw, 1024px\" \/><\/figure>\n\n\n\n<p>A sus 35 volvi\u00f3 a ser campeona obteniendo cuatro medallas de oro y dos de plata. Con sus 103 a\u00f1os ha visto al mundo cambiar desde los Juegos Ol\u00edmpicos. Actualmente es una de las campeonas ol\u00edmpicas m\u00e1s longevas en el mundo.\u00a0<\/p>\n\n\n<div class=\"wp-block-image\">\n<figure class=\"aligncenter size-large\"><img loading=\"lazy\" decoding=\"async\" width=\"1024\" height=\"682\" src=\"https:\/\/cronicadesoledad.com\/wp-content\/uploads\/2024\/01\/image-24-1024x682.png\" alt=\"\" class=\"wp-image-8880\" srcset=\"https:\/\/cronicadesoledad.com\/wp-content\/uploads\/2024\/01\/image-24-1024x682.png 1024w, https:\/\/cronicadesoledad.com\/wp-content\/uploads\/2024\/01\/image-24-300x200.png 300w, https:\/\/cronicadesoledad.com\/wp-content\/uploads\/2024\/01\/image-24-768x512.png 768w, https:\/\/cronicadesoledad.com\/wp-content\/uploads\/2024\/01\/image-24-1536x1024.png 1536w, https:\/\/cronicadesoledad.com\/wp-content\/uploads\/2024\/01\/image-24-696x464.png 696w, https:\/\/cronicadesoledad.com\/wp-content\/uploads\/2024\/01\/image-24-1068x712.png 1068w, https:\/\/cronicadesoledad.com\/wp-content\/uploads\/2024\/01\/image-24.png 1745w\" sizes=\"auto, (max-width: 1024px) 100vw, 1024px\" \/><\/figure>\n<\/div>\n\n\n<p>Durante el final de la Segunda Guerra Mundial, logr\u00f3 librarse de ser deportada de Hungr\u00eda utilizando documentos falsos. Despu\u00e9s de los juegos de Melbourne la atleta se mud\u00f3 a Israel donde trabaj\u00f3 como entrenadora y profesora. Tras la ca\u00edda del muro de Berl\u00edn, volvi\u00f3 a su pa\u00eds natal en los 90\u00b4s.\u00a0<\/p>\n\n\n<div class=\"wp-block-image\">\n<figure class=\"aligncenter size-large\"><img loading=\"lazy\" decoding=\"async\" width=\"1024\" height=\"576\" src=\"https:\/\/cronicadesoledad.com\/wp-content\/uploads\/2024\/01\/image-25-1024x576.png\" alt=\"\" class=\"wp-image-8881\" srcset=\"https:\/\/cronicadesoledad.com\/wp-content\/uploads\/2024\/01\/image-25-1024x576.png 1024w, https:\/\/cronicadesoledad.com\/wp-content\/uploads\/2024\/01\/image-25-300x169.png 300w, https:\/\/cronicadesoledad.com\/wp-content\/uploads\/2024\/01\/image-25-768x432.png 768w, https:\/\/cronicadesoledad.com\/wp-content\/uploads\/2024\/01\/image-25-1536x864.png 1536w, https:\/\/cronicadesoledad.com\/wp-content\/uploads\/2024\/01\/image-25-2048x1152.png 2048w, https:\/\/cronicadesoledad.com\/wp-content\/uploads\/2024\/01\/image-25-696x391.png 696w, https:\/\/cronicadesoledad.com\/wp-content\/uploads\/2024\/01\/image-25-1068x601.png 1068w, https:\/\/cronicadesoledad.com\/wp-content\/uploads\/2024\/01\/image-25-1920x1080.png 1920w\" sizes=\"auto, (max-width: 1024px) 100vw, 1024px\" \/><\/figure>\n<\/div>\n\n\n<p>Actualmente vive una buena vida, hace ejercicio diariamente, come frutas, chocolate y sigue las retransmisiones de gimnasia en internet, a pesar de su avanzada edad conserva un buen estado de salud adem\u00e1s de un gran sentido del humor.&nbsp;<\/p>\n\n\n\n<figure class=\"wp-block-image size-full\"><img loading=\"lazy\" decoding=\"async\" width=\"1024\" height=\"576\" src=\"https:\/\/cronicadesoledad.com\/wp-content\/uploads\/2024\/01\/agnes-k-gimnasta.jpeg\" alt=\"\" class=\"wp-image-8882\" srcset=\"https:\/\/cronicadesoledad.com\/wp-content\/uploads\/2024\/01\/agnes-k-gimnasta.jpeg 1024w, https:\/\/cronicadesoledad.com\/wp-content\/uploads\/2024\/01\/agnes-k-gimnasta-300x169.jpeg 300w, https:\/\/cronicadesoledad.com\/wp-content\/uploads\/2024\/01\/agnes-k-gimnasta-768x432.jpeg 768w, https:\/\/cronicadesoledad.com\/wp-content\/uploads\/2024\/01\/agnes-k-gimnasta-696x392.jpeg 696w\" sizes=\"auto, (max-width: 1024px) 100vw, 1024px\" \/><\/figure>\n","protected":false},"excerpt":{"rendered":"<p>El pasado 9 de enero la gimnasta cumpli\u00f3 103 a\u00f1os.&nbsp; Originaria de Hungr\u00eda, Keleti, comenz\u00f3 en la gimnasia a los cuatro a\u00f1os y debut\u00f3 como representante ol\u00edmpica en 1952 en los Juegos desarrollados en Helsinki. En esa ocasi\u00f3n obtuvo un oro, una plata y dos bronces. En Melbourne 1956 acudi\u00f3 como parte d ella representaci\u00f3n [&hellip;]<\/p>\n","protected":false},"author":6,"featured_media":8883,"comment_status":"open","ping_status":"open","sticky":false,"template":"","format":"standard","meta":{"footnotes":""},"categories":[20,1],"tags":[1446,1443,300,1445,288,1444],"class_list":{"0":"post-8878","1":"post","2":"type-post","3":"status-publish","4":"format-standard","5":"has-post-thumbnail","7":"category-cronica-deportiva","8":"category-destacadas","9":"tag-103-anos","10":"tag-agnes-keleti","11":"tag-gimnasia","12":"tag-hungria","13":"tag-internacional","14":"tag-juegos-olimplicos"},"_links":{"self":[{"href":"https:\/\/cronicadesoledad.com\/index.php\/wp-json\/wp\/v2\/posts\/8878","targetHints":{"allow":["GET"]}}],"collection":[{"href":"https:\/\/cronicadesoledad.com\/index.php\/wp-json\/wp\/v2\/posts"}],"about":[{"href":"https:\/\/cronicadesoledad.com\/index.php\/wp-json\/wp\/v2\/types\/post"}],"author":[{"embeddable":true,"href":"https:\/\/cronicadesoledad.com\/index.php\/wp-json\/wp\/v2\/users\/6"}],"replies":[{"embeddable":true,"href":"https:\/\/cronicadesoledad.com\/index.php\/wp-json\/wp\/v2\/comments?post=8878"}],"version-history":[{"count":1,"href":"https:\/\/cronicadesoledad.com\/index.php\/wp-json\/wp\/v2\/posts\/8878\/revisions"}],"predecessor-version":[{"id":8884,"href":"https:\/\/cronicadesoledad.com\/index.php\/wp-json\/wp\/v2\/posts\/8878\/revisions\/8884"}],"wp:featuredmedia":[{"embeddable":true,"href":"https:\/\/cronicadesoledad.com\/index.php\/wp-json\/wp\/v2\/media\/8883"}],"wp:attachment":[{"href":"https:\/\/cronicadesoledad.com\/index.php\/wp-json\/wp\/v2\/media?parent=8878"}],"wp:term":[{"taxonomy":"category","embeddable":true,"href":"https:\/\/cronicadesoledad.com\/index.php\/wp-json\/wp\/v2\/categories?post=8878"},{"taxonomy":"post_tag","embeddable":true,"href":"https:\/\/cronicadesoledad.com\/index.php\/wp-json\/wp\/v2\/tags?post=8878"}],"curies":[{"name":"wp","href":"https:\/\/api.w.org\/{rel}","templated":true}]}}