{"id":8885,"date":"2024-01-11T14:00:00","date_gmt":"2024-01-11T20:00:00","guid":{"rendered":"https:\/\/cronicadesoledad.com\/?p=8885"},"modified":"2024-01-11T13:35:20","modified_gmt":"2024-01-11T19:35:20","slug":"sudafrica-demanda-a-israel-por-genocidio","status":"publish","type":"post","link":"https:\/\/cronicadesoledad.com\/index.php\/2024\/01\/11\/sudafrica-demanda-a-israel-por-genocidio\/","title":{"rendered":"Sud\u00e1frica demanda a Israel por genocidio\u00a0"},"content":{"rendered":"\n<p>La demanda se present\u00f3 ante una Corte Internacional.&nbsp;<\/p>\n\n\n\n<p>Despu\u00e9s de la Segunda Guerra Mundial, fue redactada la Convenci\u00f3n sobre Genocidio de las Naciones Unidas, a ra\u00edz de las atrocidades cometidas contra el pueblo jud\u00edo en el Holocausto. A m\u00e1s de 70 a\u00f1os de su redacci\u00f3n, en esta ocasi\u00f3n el pueblo jud\u00edo est\u00e1 siendo acusado de incumplir lo acordado en esta convenci\u00f3n.&nbsp;<\/p>\n\n\n\n<p>El gobierno sudafricano, presento en un tribunal internacional una acusaci\u00f3n contra Israel por haber violado las obligaciones de esta convenci\u00f3n durante la guerra contra Hamas en Gaza. Evidentemente Israel rechaz\u00f3 rotundamente la acusaci\u00f3n y su primer ministro, Benjam\u00edn Netanyahu calific\u00f3 la acusaci\u00f3n como falsa. &nbsp;<\/p>\n\n\n\n<p>En respuesta, Isaac Herzog, presidente de Israel, mencion\u00f3 el martes pasado que el pa\u00eds har\u00e1 lo posible por demostrar que sus ataques son meramente autodefensa y que est\u00e1n haciendo \u201ctodo lo posible\u201d por evitar v\u00edctimas civiles.&nbsp;<\/p>\n\n\n\n<p>Seg\u00fan el profesor en derecho internacional Eliav Lieblich, esta acusaci\u00f3n es importante visto desde lo jur\u00eddico y pol\u00edtico pues \u201cUna acusaci\u00f3n de genocidio es la acusaci\u00f3n legal internacional m\u00e1s grave que se puede hacer contra un Estado.\u201d<\/p>\n\n\n\n<p>Por su parte, Sud\u00e1frica en su documento de 84 p\u00e1ginas solicita a la Corte Internacional emita \u201cmedidas provisionales\u201d, principalmente que ordenen a Israel detener su guerra en Gaza. El caso est\u00e1 siendo apoyado hasta el momento por la Organizaci\u00f3n de Cooperaci\u00f3n Isl\u00e1mica, 57 pa\u00edses musulmanes, Jordania, Turqu\u00eda y Malasia.&nbsp;<\/p>\n\n\n\n<p>Aunque los israel\u00eds negaron las acusaciones y acusaron de \u201cdifamaci\u00f3n de sangre\u201d, comparecer\u00e1n ante el tribunal. Al ser una acusaci\u00f3n grave, no les conviene no esclarecer las cosas. Es poco probable que acepten las acusaciones.&nbsp;<\/p>\n\n\n\n<p>El d\u00eda de ma\u00f1ana ser\u00e1 la comparecencia del pa\u00eds jud\u00edo, seguiremos informando sobre el desarrollo de esta noticia.&nbsp;<\/p>\n","protected":false},"excerpt":{"rendered":"<p>La demanda se present\u00f3 ante una Corte Internacional.&nbsp; Despu\u00e9s de la Segunda Guerra Mundial, fue redactada la Convenci\u00f3n sobre Genocidio de las Naciones Unidas, a ra\u00edz de las atrocidades cometidas contra el pueblo jud\u00edo en el Holocausto. A m\u00e1s de 70 a\u00f1os de su redacci\u00f3n, en esta ocasi\u00f3n el pueblo jud\u00edo est\u00e1 siendo acusado de [&hellip;]<\/p>\n","protected":false},"author":6,"featured_media":8886,"comment_status":"open","ping_status":"open","sticky":false,"template":"","format":"standard","meta":{"footnotes":""},"categories":[1,24],"tags":[1448,1449,1108,848,288,343,1447],"class_list":{"0":"post-8885","1":"post","2":"type-post","3":"status-publish","4":"format-standard","5":"has-post-thumbnail","7":"category-destacadas","8":"category-informacion-general","9":"tag-corte-internacional","10":"tag-demanda-por-genocidio","11":"tag-gaza","12":"tag-guerra-israel-hamas","13":"tag-internacional","14":"tag-israel","15":"tag-sudafrica"},"_links":{"self":[{"href":"https:\/\/cronicadesoledad.com\/index.php\/wp-json\/wp\/v2\/posts\/8885","targetHints":{"allow":["GET"]}}],"collection":[{"href":"https:\/\/cronicadesoledad.com\/index.php\/wp-json\/wp\/v2\/posts"}],"about":[{"href":"https:\/\/cronicadesoledad.com\/index.php\/wp-json\/wp\/v2\/types\/post"}],"author":[{"embeddable":true,"href":"https:\/\/cronicadesoledad.com\/index.php\/wp-json\/wp\/v2\/users\/6"}],"replies":[{"embeddable":true,"href":"https:\/\/cronicadesoledad.com\/index.php\/wp-json\/wp\/v2\/comments?post=8885"}],"version-history":[{"count":1,"href":"https:\/\/cronicadesoledad.com\/index.php\/wp-json\/wp\/v2\/posts\/8885\/revisions"}],"predecessor-version":[{"id":8887,"href":"https:\/\/cronicadesoledad.com\/index.php\/wp-json\/wp\/v2\/posts\/8885\/revisions\/8887"}],"wp:featuredmedia":[{"embeddable":true,"href":"https:\/\/cronicadesoledad.com\/index.php\/wp-json\/wp\/v2\/media\/8886"}],"wp:attachment":[{"href":"https:\/\/cronicadesoledad.com\/index.php\/wp-json\/wp\/v2\/media?parent=8885"}],"wp:term":[{"taxonomy":"category","embeddable":true,"href":"https:\/\/cronicadesoledad.com\/index.php\/wp-json\/wp\/v2\/categories?post=8885"},{"taxonomy":"post_tag","embeddable":true,"href":"https:\/\/cronicadesoledad.com\/index.php\/wp-json\/wp\/v2\/tags?post=8885"}],"curies":[{"name":"wp","href":"https:\/\/api.w.org\/{rel}","templated":true}]}}