{"id":8906,"date":"2024-01-12T11:03:23","date_gmt":"2024-01-12T17:03:23","guid":{"rendered":"https:\/\/cronicadesoledad.com\/?p=8906"},"modified":"2024-01-12T11:04:30","modified_gmt":"2024-01-12T17:04:30","slug":"hombre-se-libera-de-secuestro-tras-saltar-de-una-camioneta","status":"publish","type":"post","link":"https:\/\/cronicadesoledad.com\/index.php\/2024\/01\/12\/hombre-se-libera-de-secuestro-tras-saltar-de-una-camioneta\/","title":{"rendered":"Hombre se libera de secuestro tras saltar de una camioneta"},"content":{"rendered":"\n<p>Todo un drama se vivi\u00f3 en Tamu\u00edn tras el rescate de un hombre que hab\u00eda sido secuestrado, pero logr\u00f3 librarse de sus captores al saltar de una camioneta. Los hechos fueron presenciados por la polic\u00eda local, quienes le brindaron protecci\u00f3n y persiguieron a los presuntos criminales; lamentablemente, estos \u00faltimos lograron escapar.<\/p>\n\n\n\n<p>El suceso tuvo lugar en las inmediaciones del entronque de la avenida Pedro Antonio Santos y la carretera estatal Tamu\u00edn-Xolol. Agentes de la polic\u00eda que patrullaban la zona observaron una camioneta Ford F250 gris detenida cerca del cruce mencionado. Para su sorpresa, vieron a un hombre semidesnudo y atado de las manos saltar de la batea y correr en busca de ayuda. Seg\u00fan las primeras versiones, el hombre llevaba varios d\u00edas privado de la libertad.<\/p>\n\n\n\n<p>Uno de los ocupantes de la camioneta descendi\u00f3 y persigui\u00f3 al hombre, pero al notar la presencia de los agentes, regres\u00f3 r\u00e1pidamente al veh\u00edculo, que emprendi\u00f3 la huida, dando inicio a una persecuci\u00f3n.<\/p>\n\n\n\n<p>Paralelamente, agentes de la Polic\u00eda de M\u00e9todos de Investigaci\u00f3n interceptaron al hombre liberado, quien afirm\u00f3 haber estado secuestrado durante aproximadamente diez d\u00edas. Presentaba signos evidentes de haber sido golpeado. Los agentes le brindaron seguridad y lo trasladaron para recibir atenci\u00f3n m\u00e9dica.<\/p>\n\n\n\n<p>A pesar de la persecuci\u00f3n a lo largo de varios kil\u00f3metros, los presuntos secuestradores lograron eludir a las autoridades, escapando finalmente. La Fiscal\u00eda General del Estado ha asumido la investigaci\u00f3n para esclarecer los detalles de este perturbador incidente.<\/p>\n\n\n\n<p>Con informaci\u00f3n de C\u00f3digo San Luis. <\/p>\n","protected":false},"excerpt":{"rendered":"<p>Todo un drama se vivi\u00f3 en Tamu\u00edn tras el rescate de un hombre que hab\u00eda sido secuestrado, pero logr\u00f3 librarse de sus captores al saltar de una camioneta. Los hechos fueron presenciados por la polic\u00eda local, quienes le brindaron protecci\u00f3n y persiguieron a los presuntos criminales; lamentablemente, estos \u00faltimos lograron escapar. El suceso tuvo lugar [&hellip;]<\/p>\n","protected":false},"author":6,"featured_media":8907,"comment_status":"open","ping_status":"open","sticky":false,"template":"","format":"standard","meta":{"footnotes":""},"categories":[30,1],"tags":[1001,1110,294,1321,261,831],"class_list":{"0":"post-8906","1":"post","2":"type-post","3":"status-publish","4":"format-standard","5":"has-post-thumbnail","7":"category-de-la-region-centro","8":"category-destacadas","9":"tag-camioneta","10":"tag-guardia-civil-estatal","11":"tag-san-luis","12":"tag-secuestro","13":"tag-slp","14":"tag-tamuin"},"_links":{"self":[{"href":"https:\/\/cronicadesoledad.com\/index.php\/wp-json\/wp\/v2\/posts\/8906","targetHints":{"allow":["GET"]}}],"collection":[{"href":"https:\/\/cronicadesoledad.com\/index.php\/wp-json\/wp\/v2\/posts"}],"about":[{"href":"https:\/\/cronicadesoledad.com\/index.php\/wp-json\/wp\/v2\/types\/post"}],"author":[{"embeddable":true,"href":"https:\/\/cronicadesoledad.com\/index.php\/wp-json\/wp\/v2\/users\/6"}],"replies":[{"embeddable":true,"href":"https:\/\/cronicadesoledad.com\/index.php\/wp-json\/wp\/v2\/comments?post=8906"}],"version-history":[{"count":1,"href":"https:\/\/cronicadesoledad.com\/index.php\/wp-json\/wp\/v2\/posts\/8906\/revisions"}],"predecessor-version":[{"id":8908,"href":"https:\/\/cronicadesoledad.com\/index.php\/wp-json\/wp\/v2\/posts\/8906\/revisions\/8908"}],"wp:featuredmedia":[{"embeddable":true,"href":"https:\/\/cronicadesoledad.com\/index.php\/wp-json\/wp\/v2\/media\/8907"}],"wp:attachment":[{"href":"https:\/\/cronicadesoledad.com\/index.php\/wp-json\/wp\/v2\/media?parent=8906"}],"wp:term":[{"taxonomy":"category","embeddable":true,"href":"https:\/\/cronicadesoledad.com\/index.php\/wp-json\/wp\/v2\/categories?post=8906"},{"taxonomy":"post_tag","embeddable":true,"href":"https:\/\/cronicadesoledad.com\/index.php\/wp-json\/wp\/v2\/tags?post=8906"}],"curies":[{"name":"wp","href":"https:\/\/api.w.org\/{rel}","templated":true}]}}