{"id":9028,"date":"2024-01-15T12:38:44","date_gmt":"2024-01-15T18:38:44","guid":{"rendered":"https:\/\/cronicadesoledad.com\/?p=9028"},"modified":"2024-01-15T12:38:44","modified_gmt":"2024-01-15T18:38:44","slug":"ismael-hernandez-es-ya-precandidato-del-pvem","status":"publish","type":"post","link":"https:\/\/cronicadesoledad.com\/index.php\/2024\/01\/15\/ismael-hernandez-es-ya-precandidato-del-pvem\/","title":{"rendered":"Ismael Hern\u00e1ndez, es ya precandidato del PVEM\u00a0"},"content":{"rendered":"\n<p>VILLA DE REYES. &#8211; En un acto que congreg\u00f3 a simpatizantes y seguidores, Ismael Nicol\u00e1s Hern\u00e1ndez Mart\u00ednez formaliz\u00f3 su registro como precandidato \u00fanico del Partido Verde Ecologista de M\u00e9xico (PVEM) para la alcald\u00eda de Villa de Reyes. Este evento, que tuvo lugar la tarde del viernes, marc\u00f3 el inicio de la ruta hacia las elecciones municipales previstas para mediados de este a\u00f1o.&nbsp;<\/p>\n\n\n\n<p>Entre un ambiente festivo y el respaldo evidente de sus partidarios, Hern\u00e1ndez Mart\u00ednez entreg\u00f3 la documentaci\u00f3n correspondiente, incluida su Carta de Intenci\u00f3n como aspirante a candidato del PVEM a la Presidencia Municipal de Villa de Reyes. En declaraciones a la prensa, explic\u00f3 el proceso de registro y expres\u00f3 su confianza en que la revisi\u00f3n y aprobaci\u00f3n de la documentaci\u00f3n se llevar\u00e1n a cabo de manera exitosa.&nbsp;<\/p>\n\n\n\n<p>&#8220;Hicimos la entrega de nuestros documentos, ya en el partido estar\u00e1n revisando y aprobando la documentaci\u00f3n, pero ya tenemos nuestra constancia de recepci\u00f3n de documentos como precandidato del PVEM a la alcald\u00eda de Villa de Reyes&#8221;, destac\u00f3 Hern\u00e1ndez Mart\u00ednez. Adem\u00e1s, se\u00f1al\u00f3 que el partido definir\u00e1 en su momento el tema de las alianzas, resaltando la importancia de la decisi\u00f3n partidaria en este proceso electoral.&nbsp;<\/p>\n\n\n\n<p>En un gesto de agradecimiento hacia la ciudadan\u00eda villarreyense, el precandidato subray\u00f3 el respaldo recibido por parte de la comunidad. &#8220;Con ello esperamos continuar mejorando los resultados que hasta hoy hemos dado d\u00eda con d\u00eda, queremos seguir trabajando porque nuestro municipio sea pr\u00f3spero y que tenga un verdadero crecimiento&#8221;, agreg\u00f3 Hern\u00e1ndez Mart\u00ednez.&nbsp;<\/p>\n\n\n\n<p>Asimismo, expres\u00f3 su gratitud hacia el l\u00edder moral del PVEM, Ricardo Gallardo Cardona, reconociendo el impulso que est\u00e1 brindando a cada municipio para su desarrollo, incluyendo Villa de Reyes.&nbsp;<\/p>\n\n\n\n<p>Con estos primeros pasos, Ismael Hern\u00e1ndez Mart\u00ednez se perfila como una figura clave en la contienda electoral local, buscando liderar el destino de Villa de Reyes con propuestas centradas en el progreso y bienestar de la comunidad.&nbsp;<\/p>\n","protected":false},"excerpt":{"rendered":"<p>VILLA DE REYES. &#8211; En un acto que congreg\u00f3 a simpatizantes y seguidores, Ismael Nicol\u00e1s Hern\u00e1ndez Mart\u00ednez formaliz\u00f3 su registro como precandidato \u00fanico del Partido Verde Ecologista de M\u00e9xico (PVEM) para la alcald\u00eda de Villa de Reyes. Este evento, que tuvo lugar la tarde del viernes, marc\u00f3 el inicio de la ruta hacia las elecciones [&hellip;]<\/p>\n","protected":false},"author":6,"featured_media":9029,"comment_status":"open","ping_status":"open","sticky":false,"template":"","format":"standard","meta":{"footnotes":""},"categories":[30,1],"tags":[1507,1506,294,261,900],"class_list":{"0":"post-9028","1":"post","2":"type-post","3":"status-publish","4":"format-standard","5":"has-post-thumbnail","7":"category-de-la-region-centro","8":"category-destacadas","9":"tag-ismael-hernandez","10":"tag-pvem","11":"tag-san-luis","12":"tag-slp","13":"tag-villa-de-reyes"},"_links":{"self":[{"href":"https:\/\/cronicadesoledad.com\/index.php\/wp-json\/wp\/v2\/posts\/9028","targetHints":{"allow":["GET"]}}],"collection":[{"href":"https:\/\/cronicadesoledad.com\/index.php\/wp-json\/wp\/v2\/posts"}],"about":[{"href":"https:\/\/cronicadesoledad.com\/index.php\/wp-json\/wp\/v2\/types\/post"}],"author":[{"embeddable":true,"href":"https:\/\/cronicadesoledad.com\/index.php\/wp-json\/wp\/v2\/users\/6"}],"replies":[{"embeddable":true,"href":"https:\/\/cronicadesoledad.com\/index.php\/wp-json\/wp\/v2\/comments?post=9028"}],"version-history":[{"count":1,"href":"https:\/\/cronicadesoledad.com\/index.php\/wp-json\/wp\/v2\/posts\/9028\/revisions"}],"predecessor-version":[{"id":9030,"href":"https:\/\/cronicadesoledad.com\/index.php\/wp-json\/wp\/v2\/posts\/9028\/revisions\/9030"}],"wp:featuredmedia":[{"embeddable":true,"href":"https:\/\/cronicadesoledad.com\/index.php\/wp-json\/wp\/v2\/media\/9029"}],"wp:attachment":[{"href":"https:\/\/cronicadesoledad.com\/index.php\/wp-json\/wp\/v2\/media?parent=9028"}],"wp:term":[{"taxonomy":"category","embeddable":true,"href":"https:\/\/cronicadesoledad.com\/index.php\/wp-json\/wp\/v2\/categories?post=9028"},{"taxonomy":"post_tag","embeddable":true,"href":"https:\/\/cronicadesoledad.com\/index.php\/wp-json\/wp\/v2\/tags?post=9028"}],"curies":[{"name":"wp","href":"https:\/\/api.w.org\/{rel}","templated":true}]}}